{"id":45855,"date":"2022-10-15T08:30:00","date_gmt":"2022-10-15T11:30:00","guid":{"rendered":"https:\/\/tvc16.com\/portal\/?p=45855"},"modified":"2022-10-15T23:59:35","modified_gmt":"2022-10-16T02:59:35","slug":"prefeitura-entrega-o-cartao-recomecar-a-mais-215-familias","status":"publish","type":"post","link":"https:\/\/tvc16.com\/portal\/2022\/10\/15\/prefeitura-entrega-o-cartao-recomecar-a-mais-215-familias\/","title":{"rendered":"Prefeitura entrega o Cart\u00e3o Recome\u00e7ar a mais 215 fam\u00edlias"},"content":{"rendered":"\n<p>A Prefeitura entrega, a partir desta segunda-feira (17), mais um lote do Cart\u00e3o Recome\u00e7ar. Ser\u00e3o 215 fam\u00edlias beneficiadas. A entrega ser\u00e1 no Centro Administrativo da Prefeitura (Avenida Bar\u00e3o do Rio Branco, 2.846, Centro). A listagem completa dos beneficiados est\u00e1 no site da Prefeitura (www.petropolis.rj.gov.br\/recomecar), no lote \u201cPend\u00eancias Resolvidas\u201d.<\/p>\n\n\n\n<p>Para saber se voc\u00ea tem direito ao cart\u00e3o, basta acessar a lista, que tamb\u00e9m informar\u00e1 dia e a hora que cada fam\u00edlia deve ir buscar o cart\u00e3o. Al\u00e9m disso, as equipes da Secretaria de Assist\u00eancia Social v\u00eam telefonando para as fam\u00edlias para informar sobre a entrega.<\/p>\n\n\n\n<p>Entre julho e setembro, a Prefeitura entregou, ao todo, o cart\u00e3o a cerca de 3,7 mil fam\u00edlias que foram atingidas pelas chuvas de fevereiro e mar\u00e7o. Essas entregas foram divididas em 8 lotes. Nessa \u00e9poca, as fam\u00edlias que n\u00e3o foram beneficiadas, ficaram de fora por conta de pend\u00eancias na documenta\u00e7\u00e3o ou na conta banc\u00e1ria.<\/p>\n\n\n\n<p>O Cart\u00e3o Recome\u00e7ar \u00e9 um benef\u00edcio pago pelo governo estadual, no valor de R$ 3 mil (parcela \u00fanica), \u00e0 popula\u00e7\u00e3o de baixa renda que ficou desabrigada ou desalojada pelas chuvas de 15 de fevereiro e 20 de mar\u00e7o. O benef\u00edcio pode ser utilizado para compra de materiais de constru\u00e7\u00e3o, mobili\u00e1rio e eletrodom\u00e9sticos. Os crit\u00e9rios para a defini\u00e7\u00e3o dos benefici\u00e1rios foram definidos pelo governo estadual.<\/p>\n\n\n\n<p>Al\u00e9m das cerca de 3,7 mil fam\u00edlias beneficiadas nos 8 lotes de entrega entre julho e setembro, a Prefeitura tamb\u00e9m entregou o cart\u00e3o a 119 fam\u00edlias atingidas pelas chuvas em Corr\u00eaas. Com mais as 215 fam\u00edlias do lote \u201cPend\u00eancias Resolvidas\u201d, j\u00e1 s\u00e3o mais de 4 mil fam\u00edlias beneficiadas na cidade.<\/p>\n","protected":false},"excerpt":{"rendered":"<p>A Prefeitura entrega, a partir desta segunda-feira (17), mais um lote do Cart\u00e3o Recome\u00e7ar. Ser\u00e3o<\/p>\n","protected":false},"author":2,"featured_media":45856,"comment_status":"open","ping_status":"open","sticky":true,"template":"","format":"standard","meta":{"footnotes":""},"categories":[12,18],"tags":[],"class_list":["post-45855","post","type-post","status-publish","format-standard","has-post-thumbnail","hentry","category-cidade","category-economia"],"_links":{"self":[{"href":"https:\/\/tvc16.com\/portal\/wp-json\/wp\/v2\/posts\/45855","targetHints":{"allow":["GET"]}}],"collection":[{"href":"https:\/\/tvc16.com\/portal\/wp-json\/wp\/v2\/posts"}],"about":[{"href":"https:\/\/tvc16.com\/portal\/wp-json\/wp\/v2\/types\/post"}],"author":[{"embeddable":true,"href":"https:\/\/tvc16.com\/portal\/wp-json\/wp\/v2\/users\/2"}],"replies":[{"embeddable":true,"href":"https:\/\/tvc16.com\/portal\/wp-json\/wp\/v2\/comments?post=45855"}],"version-history":[{"count":1,"href":"https:\/\/tvc16.com\/portal\/wp-json\/wp\/v2\/posts\/45855\/revisions"}],"predecessor-version":[{"id":45857,"href":"https:\/\/tvc16.com\/portal\/wp-json\/wp\/v2\/posts\/45855\/revisions\/45857"}],"wp:featuredmedia":[{"embeddable":true,"href":"https:\/\/tvc16.com\/portal\/wp-json\/wp\/v2\/media\/45856"}],"wp:attachment":[{"href":"https:\/\/tvc16.com\/portal\/wp-json\/wp\/v2\/media?parent=45855"}],"wp:term":[{"taxonomy":"category","embeddable":true,"href":"https:\/\/tvc16.com\/portal\/wp-json\/wp\/v2\/categories?post=45855"},{"taxonomy":"post_tag","embeddable":true,"href":"https:\/\/tvc16.com\/portal\/wp-json\/wp\/v2\/tags?post=45855"}],"curies":[{"name":"wp","href":"https:\/\/api.w.org\/{rel}","templated":true}]}}