{"id":45858,"date":"2022-10-16T13:00:00","date_gmt":"2022-10-16T16:00:00","guid":{"rendered":"https:\/\/tvc16.com\/portal\/?p=45858"},"modified":"2022-10-16T00:07:15","modified_gmt":"2022-10-16T03:07:15","slug":"mais-de-150-consultas-foram-realizadas-no-dia-d-do-outubro-rosa-no-hac","status":"publish","type":"post","link":"https:\/\/tvc16.com\/portal\/2022\/10\/16\/mais-de-150-consultas-foram-realizadas-no-dia-d-do-outubro-rosa-no-hac\/","title":{"rendered":"Mais de 150 consultas foram realizadas no Dia D do Outubro Rosa no HAC"},"content":{"rendered":"\n<p>A Prefeitura realizou, neste s\u00e1bado (15), mais um Dia D do Outubro Rosa &#8211; m\u00eas de conscientiza\u00e7\u00e3o e preven\u00e7\u00e3o ao c\u00e2ncer de mama &#8211; com uma s\u00e9rie de atividades voltadas para a popula\u00e7\u00e3o, no ambulat\u00f3rio Hospital Alcides Carneiro. A mobiliza\u00e7\u00e3o foi realizada em parceria com a Associa\u00e7\u00e3o Petropolitana de Pacientes Oncol\u00f3gicos e se estendeu durante todo o dia.<\/p>\n\n\n\n<p>Especialmente neste s\u00e1bado o ambulat\u00f3ri foi aberto para ofertar mais consultas com Mastologistas, Geri\u00e1tras e atendimento com a equipe de enfermagem em sa\u00fade da mulher, com coleta para exames citopatol\u00f3gicos preventivos. <\/p>\n\n\n\n<p>Os trabalhos foram iniciados \u00e0s 7h com a realiza\u00e7\u00e3o de um caf\u00e9 da manh\u00e3 entre pacientes e funcion\u00e1rios. Equipes do Nasf, \u00c1reas T\u00e9cnicas de Sa\u00fade da Mulher, LGBTQIA+, al\u00e9m dos profissionais do HAC se empenharam para proporcionar um dia de atividades significativas para a popula\u00e7\u00e3o, disse o secret\u00e1rio de Sa\u00fade, Marcus Curvelo.<\/p>\n\n\n\n<p>Entre as a\u00e7\u00f5es, houve a distribui\u00e7\u00e3o de materiais informativos e orienta\u00e7\u00f5es diversas sobre a import\u00e2ncia do autoexame e dos cuidados preventivos no combate ao c\u00e2ncer de mama.<\/p>\n\n\n\n<p><\/p>\n","protected":false},"excerpt":{"rendered":"<p>A Prefeitura realizou, neste s\u00e1bado (15), mais um Dia D do Outubro Rosa &#8211; m\u00eas<\/p>\n","protected":false},"author":2,"featured_media":45859,"comment_status":"open","ping_status":"open","sticky":true,"template":"","format":"standard","meta":{"footnotes":""},"categories":[12,264,13],"tags":[],"class_list":["post-45858","post","type-post","status-publish","format-standard","has-post-thumbnail","hentry","category-cidade","category-destaque","category-saude"],"_links":{"self":[{"href":"https:\/\/tvc16.com\/portal\/wp-json\/wp\/v2\/posts\/45858","targetHints":{"allow":["GET"]}}],"collection":[{"href":"https:\/\/tvc16.com\/portal\/wp-json\/wp\/v2\/posts"}],"about":[{"href":"https:\/\/tvc16.com\/portal\/wp-json\/wp\/v2\/types\/post"}],"author":[{"embeddable":true,"href":"https:\/\/tvc16.com\/portal\/wp-json\/wp\/v2\/users\/2"}],"replies":[{"embeddable":true,"href":"https:\/\/tvc16.com\/portal\/wp-json\/wp\/v2\/comments?post=45858"}],"version-history":[{"count":1,"href":"https:\/\/tvc16.com\/portal\/wp-json\/wp\/v2\/posts\/45858\/revisions"}],"predecessor-version":[{"id":45860,"href":"https:\/\/tvc16.com\/portal\/wp-json\/wp\/v2\/posts\/45858\/revisions\/45860"}],"wp:featuredmedia":[{"embeddable":true,"href":"https:\/\/tvc16.com\/portal\/wp-json\/wp\/v2\/media\/45859"}],"wp:attachment":[{"href":"https:\/\/tvc16.com\/portal\/wp-json\/wp\/v2\/media?parent=45858"}],"wp:term":[{"taxonomy":"category","embeddable":true,"href":"https:\/\/tvc16.com\/portal\/wp-json\/wp\/v2\/categories?post=45858"},{"taxonomy":"post_tag","embeddable":true,"href":"https:\/\/tvc16.com\/portal\/wp-json\/wp\/v2\/tags?post=45858"}],"curies":[{"name":"wp","href":"https:\/\/api.w.org\/{rel}","templated":true}]}}