{"id":45861,"date":"2022-10-16T16:33:47","date_gmt":"2022-10-16T19:33:47","guid":{"rendered":"https:\/\/tvc16.com\/portal\/?p=45861"},"modified":"2022-10-16T16:33:48","modified_gmt":"2022-10-16T19:33:48","slug":"prefeitura-de-petropolis-faz-vistoria-na-regiao-da-castelanea","status":"publish","type":"post","link":"https:\/\/tvc16.com\/portal\/2022\/10\/16\/prefeitura-de-petropolis-faz-vistoria-na-regiao-da-castelanea\/","title":{"rendered":"Prefeitura de Petr\u00f3polis faz vistoria na regi\u00e3o da Castel\u00e2nea"},"content":{"rendered":"\n<p>Ap\u00f3s um pedido feito pelos moradores e l\u00edderes comunit\u00e1rios, durante reuni\u00e3o realizada na sede da Prefeitura, na \u00faltima semana. O prefeito Rubens Bomtempo, acompanhado pelo secret\u00e1rio de Defesa Civil, Gil Kempers, e t\u00e9cnicos da prefeitura, percorreram os locais atingidos pelas fortes chuvas do inicio do ano, no bairro da Castel\u00e2nea, com o objetivo de debater as principais demandas dos moradores e os desdobramentos das obras do governo do estado na regi\u00e3o, que n\u00e3o preveem interven\u00e7\u00f5es em algumas \u00e1reas afetadas. <\/p>\n\n\n\n<figure class=\"wp-block-image size-large\"><img loading=\"lazy\" decoding=\"async\" width=\"683\" height=\"1024\" src=\"https:\/\/tvc16.com\/portal\/wp-content\/uploads\/2022\/10\/WhatsApp-Image-2022-10-16-at-11.02.40-1-683x1024.jpeg\" alt=\"\" class=\"wp-image-45863\" srcset=\"https:\/\/tvc16.com\/portal\/wp-content\/uploads\/2022\/10\/WhatsApp-Image-2022-10-16-at-11.02.40-1-683x1024.jpeg 683w, https:\/\/tvc16.com\/portal\/wp-content\/uploads\/2022\/10\/WhatsApp-Image-2022-10-16-at-11.02.40-1-200x300.jpeg 200w, https:\/\/tvc16.com\/portal\/wp-content\/uploads\/2022\/10\/WhatsApp-Image-2022-10-16-at-11.02.40-1-768x1152.jpeg 768w, https:\/\/tvc16.com\/portal\/wp-content\/uploads\/2022\/10\/WhatsApp-Image-2022-10-16-at-11.02.40-1-1024x1536.jpeg 1024w, https:\/\/tvc16.com\/portal\/wp-content\/uploads\/2022\/10\/WhatsApp-Image-2022-10-16-at-11.02.40-1.jpeg 1066w\" sizes=\"auto, (max-width: 683px) 100vw, 683px\" \/><\/figure>\n\n\n\n<p>Durante a visita, os moradores explicaram que na regi\u00e3o existem duas obras iniciadas pelo governo do estado. A da Rua Conde D\u2019Eu, que est\u00e1 em andamento, por\u00e9m, algumas interven\u00e7\u00f5es finalizadas, como a cal\u00e7ada, que j\u00e1 precisa de reparos, e a obra da Rua Olavo Bilac, que est\u00e1 paralisada. A Vila Lu\u00eds Macedo, uma ramifica\u00e7\u00e3o da Rua Conde D\u2019eu, fortemente atingida pelas chuvas, n\u00e3o est\u00e1 prevista no pacote de obras do estado.<\/p>\n\n\n\n<figure class=\"wp-block-image size-large\"><img loading=\"lazy\" decoding=\"async\" width=\"683\" height=\"1024\" src=\"https:\/\/tvc16.com\/portal\/wp-content\/uploads\/2022\/10\/WhatsApp-Image-2022-10-16-at-11.02.39-683x1024.jpeg\" alt=\"\" class=\"wp-image-45864\" srcset=\"https:\/\/tvc16.com\/portal\/wp-content\/uploads\/2022\/10\/WhatsApp-Image-2022-10-16-at-11.02.39-683x1024.jpeg 683w, https:\/\/tvc16.com\/portal\/wp-content\/uploads\/2022\/10\/WhatsApp-Image-2022-10-16-at-11.02.39-200x300.jpeg 200w, https:\/\/tvc16.com\/portal\/wp-content\/uploads\/2022\/10\/WhatsApp-Image-2022-10-16-at-11.02.39-768x1152.jpeg 768w, https:\/\/tvc16.com\/portal\/wp-content\/uploads\/2022\/10\/WhatsApp-Image-2022-10-16-at-11.02.39-1024x1536.jpeg 1024w, https:\/\/tvc16.com\/portal\/wp-content\/uploads\/2022\/10\/WhatsApp-Image-2022-10-16-at-11.02.39.jpeg 1066w\" sizes=\"auto, (max-width: 683px) 100vw, 683px\" \/><\/figure>\n\n\n\n<p>A vistoria realizada neste domingo, atende a uma demanda apresentada por lideran\u00e7as comunit\u00e1rias, j\u00e1 que  algumas obras n\u00e3o foram contempladas pelo estado, como por exempo, a Vila Lu\u00eds Macedo que n\u00e3o foi inclu\u00edda no pacote de obras da Castel\u00e2nea. <\/p>\n\n\n\n<p>De acordo com informa\u00e7\u00f5es prestadas, o prefeito vai buscar os motivos da obra na Rua Olavo Bilac estar paralisada, bem como a situa\u00e7\u00e3o da Vila Luis Macedo, para ent\u00e3o, pensar nos pr\u00f3ximos passos para ajudar os moradores. Salientou que s\u00e3o obras de grande porte, que necessitam de conten\u00e7\u00e3o e drenagem e que vai solicitar uma nova vistoria, junto com o governo do estado, para avaliar os locais n\u00e3o previstos no pacote de obras do estado.<\/p>\n\n\n\n<p><strong>Planejamento de obras do munic\u00edpio contempla mais de 70 obras<\/strong><\/p>\n\n\n\n<p>A Prefeitura est\u00e1 executando um planejamento que j\u00e1 acumula cerca de 45 obras de conten\u00e7\u00e3o para prote\u00e7\u00e3o de vias p\u00fablicas, das quais a maior parte j\u00e1 est\u00e1 conclu\u00edda. O munic\u00edpio tamb\u00e9m avan\u00e7a com outras 30 obras de reconstru\u00e7\u00e3o em bairros. Outro pacote de obras, de maior porte e valor, tamb\u00e9m est\u00e1 em andamento. Entre esses, est\u00e3o Vila Felipe e Morro da Oficina, ambos locais com projetos sendo desenvolvidos.<\/p>\n","protected":false},"excerpt":{"rendered":"<p>Ap\u00f3s um pedido feito pelos moradores e l\u00edderes comunit\u00e1rios, durante reuni\u00e3o realizada na sede da<\/p>\n","protected":false},"author":2,"featured_media":45862,"comment_status":"open","ping_status":"open","sticky":true,"template":"","format":"standard","meta":{"footnotes":""},"categories":[12,264,18,15],"tags":[],"class_list":["post-45861","post","type-post","status-publish","format-standard","has-post-thumbnail","hentry","category-cidade","category-destaque","category-economia","category-politica"],"_links":{"self":[{"href":"https:\/\/tvc16.com\/portal\/wp-json\/wp\/v2\/posts\/45861","targetHints":{"allow":["GET"]}}],"collection":[{"href":"https:\/\/tvc16.com\/portal\/wp-json\/wp\/v2\/posts"}],"about":[{"href":"https:\/\/tvc16.com\/portal\/wp-json\/wp\/v2\/types\/post"}],"author":[{"embeddable":true,"href":"https:\/\/tvc16.com\/portal\/wp-json\/wp\/v2\/users\/2"}],"replies":[{"embeddable":true,"href":"https:\/\/tvc16.com\/portal\/wp-json\/wp\/v2\/comments?post=45861"}],"version-history":[{"count":1,"href":"https:\/\/tvc16.com\/portal\/wp-json\/wp\/v2\/posts\/45861\/revisions"}],"predecessor-version":[{"id":45865,"href":"https:\/\/tvc16.com\/portal\/wp-json\/wp\/v2\/posts\/45861\/revisions\/45865"}],"wp:featuredmedia":[{"embeddable":true,"href":"https:\/\/tvc16.com\/portal\/wp-json\/wp\/v2\/media\/45862"}],"wp:attachment":[{"href":"https:\/\/tvc16.com\/portal\/wp-json\/wp\/v2\/media?parent=45861"}],"wp:term":[{"taxonomy":"category","embeddable":true,"href":"https:\/\/tvc16.com\/portal\/wp-json\/wp\/v2\/categories?post=45861"},{"taxonomy":"post_tag","embeddable":true,"href":"https:\/\/tvc16.com\/portal\/wp-json\/wp\/v2\/tags?post=45861"}],"curies":[{"name":"wp","href":"https:\/\/api.w.org\/{rel}","templated":true}]}}