{"id":45866,"date":"2022-10-16T17:45:00","date_gmt":"2022-10-16T20:45:00","guid":{"rendered":"https:\/\/tvc16.com\/portal\/?p=45866"},"modified":"2022-10-16T16:49:48","modified_gmt":"2022-10-16T19:49:48","slug":"projeto-espiral-fortalecimento-da-alfabetizacao-na-rede-municipal-de-ensino","status":"publish","type":"post","link":"https:\/\/tvc16.com\/portal\/2022\/10\/16\/projeto-espiral-fortalecimento-da-alfabetizacao-na-rede-municipal-de-ensino\/","title":{"rendered":"Projeto Espiral &#8211; fortalecimento da alfabetiza\u00e7\u00e3o na rede municipal de ensino"},"content":{"rendered":"\n<p>Com o objetivo de fortalecer o processo de alfabetiza\u00e7\u00e3o, a Prefeitura, por meio da Secretaria de Educa\u00e7\u00e3o criou o Projeto Espiral. A iniciativa visa a recomposi\u00e7\u00e3o da aprendizagem, garantindo as habilidades b\u00e1sicas do ciclo de alfabetiza\u00e7\u00e3o e promovendo a inclus\u00e3o dos alunos que est\u00e3o em defasagem. O projeto est\u00e1 sendo implantado nos anos iniciais do Ensino Fundamental em 21 escolas da rede municipal.<\/p>\n\n\n\n<p>O projeto Espiral foi apresentado na \u00faltima semana, na reuni\u00e3o do Conselho Municipal de Educa\u00e7\u00e3o (Comed), ap\u00f3s um levantamento que contou com a participa\u00e7\u00e3o de 103 escolas, para que a Secretaria de Educa\u00e7\u00e3o entendesse qual \u00e9 a realidade no munic\u00edpio. <\/p>\n\n\n\n<p>O projeto ser\u00e1 trabalhado nas escolas com as chamadas Esta\u00e7\u00f5es Pedag\u00f3gicas &#8211; onde s\u00e3o levados em considera\u00e7\u00e3o as necessidades de interven\u00e7\u00e3o e as habilidades dos alunos, que s\u00e3o focais para o avan\u00e7o no processo de alfabetiza\u00e7\u00e3o. No primeiro segmento, o trabalho acontece em dias espec\u00edficos. J\u00e1 no segundo segmento, os agrupamentos s\u00e3o no contra turno e\/ou no hor\u00e1rio regular, em dias espec\u00edficos. Dessa forma, os estudantes ter\u00e3o condi\u00e7\u00f5es de ampliar seus conhecimentos de forma mais completa a fim de consolidar o conhecimento adquirido e formar uma espiral crescente do aprendizado.<\/p>\n\n\n\n<p>O projeto come\u00e7ou a ser desenvolvido em setembro nas 21 unidades. A previs\u00e3o \u00e9 que em dezembro, a Secretaria de Educa\u00e7\u00e3o apresente a avalia\u00e7\u00e3o para o Comed, dos dois meses de aplica\u00e7\u00e3o do projeto.<\/p>\n","protected":false},"excerpt":{"rendered":"<p>Com o objetivo de fortalecer o processo de alfabetiza\u00e7\u00e3o, a Prefeitura, por meio da Secretaria<\/p>\n","protected":false},"author":2,"featured_media":45867,"comment_status":"open","ping_status":"open","sticky":false,"template":"","format":"standard","meta":{"footnotes":""},"categories":[12,19],"tags":[],"class_list":["post-45866","post","type-post","status-publish","format-standard","has-post-thumbnail","hentry","category-cidade","category-educacao"],"_links":{"self":[{"href":"https:\/\/tvc16.com\/portal\/wp-json\/wp\/v2\/posts\/45866","targetHints":{"allow":["GET"]}}],"collection":[{"href":"https:\/\/tvc16.com\/portal\/wp-json\/wp\/v2\/posts"}],"about":[{"href":"https:\/\/tvc16.com\/portal\/wp-json\/wp\/v2\/types\/post"}],"author":[{"embeddable":true,"href":"https:\/\/tvc16.com\/portal\/wp-json\/wp\/v2\/users\/2"}],"replies":[{"embeddable":true,"href":"https:\/\/tvc16.com\/portal\/wp-json\/wp\/v2\/comments?post=45866"}],"version-history":[{"count":1,"href":"https:\/\/tvc16.com\/portal\/wp-json\/wp\/v2\/posts\/45866\/revisions"}],"predecessor-version":[{"id":45868,"href":"https:\/\/tvc16.com\/portal\/wp-json\/wp\/v2\/posts\/45866\/revisions\/45868"}],"wp:featuredmedia":[{"embeddable":true,"href":"https:\/\/tvc16.com\/portal\/wp-json\/wp\/v2\/media\/45867"}],"wp:attachment":[{"href":"https:\/\/tvc16.com\/portal\/wp-json\/wp\/v2\/media?parent=45866"}],"wp:term":[{"taxonomy":"category","embeddable":true,"href":"https:\/\/tvc16.com\/portal\/wp-json\/wp\/v2\/categories?post=45866"},{"taxonomy":"post_tag","embeddable":true,"href":"https:\/\/tvc16.com\/portal\/wp-json\/wp\/v2\/tags?post=45866"}],"curies":[{"name":"wp","href":"https:\/\/api.w.org\/{rel}","templated":true}]}}