{"id":45874,"date":"2022-10-17T10:04:07","date_gmt":"2022-10-17T13:04:07","guid":{"rendered":"https:\/\/tvc16.com\/portal\/?p=45874"},"modified":"2022-10-17T10:04:08","modified_gmt":"2022-10-17T13:04:08","slug":"dia-do-comerciario-tem-lojas-e-supermercados-fechados-no-rio","status":"publish","type":"post","link":"https:\/\/tvc16.com\/portal\/2022\/10\/17\/dia-do-comerciario-tem-lojas-e-supermercados-fechados-no-rio\/","title":{"rendered":"Dia do Comerci\u00e1rio tem lojas e supermercados fechados no Rio"},"content":{"rendered":"\n<p>O funcionamento do com\u00e9rcio no Rio de Janeiro&nbsp;est\u00e1&nbsp;restrito hoje (17) a alguns estabelecimentos. No dia do Com\u00e9rci\u00e1rio, as lojas e os quiosques dos shoppings ficar\u00e3o fechados, como tamb\u00e9m os pontos de com\u00e9rcio popular de rua. J\u00e1 os locais de alimenta\u00e7\u00e3o v\u00e3o funcionar em hor\u00e1rios distintos conforme o estabelecimento.<img decoding=\"async\" src=\"https:\/\/agenciabrasil.ebc.com.br\/ebc.png?id=1488256&amp;o=node\"><img decoding=\"async\" src=\"https:\/\/agenciabrasil.ebc.com.br\/ebc.gif?id=1488256&amp;o=node\"><\/p>\n\n\n\n<p>Na zona oeste, o Am\u00e9ricas Shopping, no Recreio, ter\u00e1 as opera\u00e7\u00f5es de alimenta\u00e7\u00e3o e servi\u00e7os operando&nbsp;normalmente das 10h \u00e0s 22h. As sess\u00f5es de cinema ser\u00e3o de acordo com a programa\u00e7\u00e3o. O mesmo vai valer para o West Shopping, em Campo Grande. No Village Mall, na Barra da Tijuca, embora o hor\u00e1rio dos restaurantes e da cl\u00ednica seja igual, a drogaria funcionar\u00e1 das 12h \u00e0s 20h. No BarraShopping os servi\u00e7os de alimenta\u00e7\u00e3o come\u00e7am no meio do dia e v\u00e3o at\u00e9 as 23h. Nos dois, as atividades de lazer tamb\u00e9m seguir\u00e3o a programa\u00e7\u00e3o. No Park Jacarepagu\u00e1, os restaurantes ficar\u00e3o abertos das 12h \u00e0s 24h, mas as \u00e1reas de divers\u00e3o e a academia v\u00e3o funcionar conforme a programa\u00e7\u00e3o.<\/p>\n\n\n\n<p>No Fashion Mall, em S\u00e3o Conrado, zona sul, os restaurantes abrem normalmente das 12h \u00e0s 22h. L\u00e1 tamb\u00e9m o cinema e o teatro operam de acordo com a programa\u00e7\u00e3o. Na zona norte, o Shopping Jardim Guadalupe&nbsp;ter\u00e1 os restaurantes e outras casas&nbsp;de alimenta\u00e7\u00e3o abertos uma hora a menos e fechar\u00e3o \u00e0s 21h. Os hor\u00e1rios das atra\u00e7\u00f5es de lazer e de cinema tamb\u00e9m v\u00e3o depender da&nbsp;programa\u00e7\u00e3o.<\/p>\n\n\n\n<p>Os supermercados estar\u00e3o fechados no munic\u00edpio do Rio, mesmo os que funcionam em shoppings.<\/p>\n\n\n\n<h2 class=\"wp-block-heading\">CDL<\/h2>\n\n\n\n<p>De acordo com o Clube dos Diretores Lojistas (CDL), somente lojas em aeroportos, portos e esta\u00e7\u00f5es ferrovi\u00e1rias, metrovi\u00e1rias e rodovi\u00e1rias podem funcionar no Dia do Comerci\u00e1rio. A determina\u00e7\u00e3o segue a 42\u00aa cl\u00e1usula da Conven\u00e7\u00e3o Coletiva de Trabalho 2022-2023, firmada entre o SindilojasRio e o Sindicato dos Empregados no Com\u00e9rcio. \u201cO Dia do Comerci\u00e1rio ser\u00e1 comemorado na segunda-feira,&nbsp;17 de outubro, data na qual os estabelecimentos comerciais n\u00e3o poder\u00e3o funcionar\u201d.<\/p>\n\n\n\n<p>As lojas que fazem parte da exce\u00e7\u00e3o&nbsp;precisaram emitir um Termo de Ades\u00e3o especial para funcionar neste dia, por meio do&nbsp;<em>site<\/em>&nbsp;<a href=\"https:\/\/www.sindilojas.rio\/\" target=\"_blank\" rel=\"noreferrer noopener\">www.sindilojas.rio<\/a>, no Menu Central de Servi\u00e7os, e homolog\u00e1-lo nos dois sindicatos.<\/p>\n\n\n\n<p>\u201cFica vedado o trabalho do comerci\u00e1rio nos dias&nbsp;25 de dezembro, 1\u00b0 de janeiro e no Dia do Comerci\u00e1rio, ou seja, a terceira segunda-feira do m\u00eas&nbsp;de outubro, com exce\u00e7\u00e3o daquelas empresas abrangidas pelo Decreto Federal 27.048\/49, que poder\u00e3o funcionar com seus empregados, desde que observadas as formalidades constantes da Conven\u00e7\u00e3o Coletiva\u201d, estabelece&nbsp;a 42\u00aa cl\u00e1usula.<\/p>\n\n\n\n<p>A Federa\u00e7\u00e3o do Com\u00e9rcio do Rio (Fecom\u00e9rcio) informou que o cumprimento da cl\u00e1usula, na terceira segunda-feira do m\u00eas\u00a0de outubro, vale para os munic\u00edpios do Rio, Niter\u00f3i, Duque de Caxias, S\u00e3o Jo\u00e3o do Meriti, Nova Igua\u00e7u, Nil\u00f3polis, Maca\u00e9 e outras cidades do estado. Apesar disso, em munic\u00edpios do interior como Miguel Pereira, Tr\u00eas Rios e Volta Redonda, o Dia do Comerci\u00e1rio \u00e9 comemorado no m\u00eas\u00a0de agosto.<\/p>\n\n\n\n<p><\/p>\n\n\n\n<p>Por Cristina Indio do Brasil &#8211; Rep\u00f3rter da Ag\u00eancia Brasil &#8211; Rio de Janeiro<\/p>\n\n\n\n<p>Foto: Fernando Fraz\u00e3o\/Ag\u00eancia Brasil<\/p>\n","protected":false},"excerpt":{"rendered":"<p>O funcionamento do com\u00e9rcio no Rio de Janeiro&nbsp;est\u00e1&nbsp;restrito hoje (17) a alguns estabelecimentos. No dia<\/p>\n","protected":false},"author":2,"featured_media":45875,"comment_status":"open","ping_status":"open","sticky":false,"template":"","format":"standard","meta":{"footnotes":""},"categories":[17],"tags":[],"class_list":["post-45874","post","type-post","status-publish","format-standard","has-post-thumbnail","hentry","category-outras-noticias"],"_links":{"self":[{"href":"https:\/\/tvc16.com\/portal\/wp-json\/wp\/v2\/posts\/45874","targetHints":{"allow":["GET"]}}],"collection":[{"href":"https:\/\/tvc16.com\/portal\/wp-json\/wp\/v2\/posts"}],"about":[{"href":"https:\/\/tvc16.com\/portal\/wp-json\/wp\/v2\/types\/post"}],"author":[{"embeddable":true,"href":"https:\/\/tvc16.com\/portal\/wp-json\/wp\/v2\/users\/2"}],"replies":[{"embeddable":true,"href":"https:\/\/tvc16.com\/portal\/wp-json\/wp\/v2\/comments?post=45874"}],"version-history":[{"count":1,"href":"https:\/\/tvc16.com\/portal\/wp-json\/wp\/v2\/posts\/45874\/revisions"}],"predecessor-version":[{"id":45876,"href":"https:\/\/tvc16.com\/portal\/wp-json\/wp\/v2\/posts\/45874\/revisions\/45876"}],"wp:featuredmedia":[{"embeddable":true,"href":"https:\/\/tvc16.com\/portal\/wp-json\/wp\/v2\/media\/45875"}],"wp:attachment":[{"href":"https:\/\/tvc16.com\/portal\/wp-json\/wp\/v2\/media?parent=45874"}],"wp:term":[{"taxonomy":"category","embeddable":true,"href":"https:\/\/tvc16.com\/portal\/wp-json\/wp\/v2\/categories?post=45874"},{"taxonomy":"post_tag","embeddable":true,"href":"https:\/\/tvc16.com\/portal\/wp-json\/wp\/v2\/tags?post=45874"}],"curies":[{"name":"wp","href":"https:\/\/api.w.org\/{rel}","templated":true}]}}