{"id":4588,"date":"2020-11-01T18:50:57","date_gmt":"2020-11-01T18:50:57","guid":{"rendered":"https:\/\/tvc16.com\/portal\/?p=4588"},"modified":"2020-11-01T18:50:57","modified_gmt":"2020-11-01T18:50:57","slug":"dia-nacional-da-luta-contra-o-reumatismo-foi-celebrado-na-ultima-sexta-feira-30","status":"publish","type":"post","link":"https:\/\/tvc16.com\/portal\/2020\/11\/01\/dia-nacional-da-luta-contra-o-reumatismo-foi-celebrado-na-ultima-sexta-feira-30\/","title":{"rendered":"Dia Nacional da Luta Contra o Reumatismo foi celebrado na \u00faltima sexta-feira (30)"},"content":{"rendered":"\n<p><em>Especialista da Unimed Petr\u00f3polis ressalta a import\u00e2ncia do\u00a0diagn\u00f3stico precoce e tratamento das doen\u00e7as reum\u00e1ticas para a garantia de uma qualidade de vida ao paciente.<\/em><\/p>\n\n\n\n<p>Na \u00faltima sexta-feira, 30 de outubro, foi comemorado o Dia Nacional da Luta Contra o Reumatismo, termo esse&nbsp;utilizado para se referir a um grupo de doen\u00e7as que atacam articula\u00e7\u00f5es, ossos, tend\u00f5es e m\u00fasculos, al\u00e9m de algumas doen\u00e7as do sistema imunol\u00f3gico.<\/p>\n\n\n\n<p>De acordo com a Sociedade Brasileira de Reumatologia, existem em m\u00e9dia 130 doen\u00e7as reum\u00e1ticas. Dentre elas, podemos citar artrose, artrite, bursite, tendinite, fibromialgia e l\u00fapus.<\/p>\n\n\n\n<p>Muitos, estimam que o reumatismo s\u00f3 acomete pessoas idosas, mas isso n\u00e3o \u00e9 uma realidade, como explica o reumatologista da Unimed Petr\u00f3polis, Dr. Marcos Carneiro:<\/p>\n\n\n\n<p>\u201cAs doen\u00e7as reum\u00e1ticas inflamat\u00f3rias precisam de um sistema imunol\u00f3gico vigoroso e os idosos tem um sistema imunol\u00f3gico mais lentificado, ent\u00e3o a resposta dos idosos \u00e9 uma resposta mais lenta. Doen\u00e7as como artrite reumatoide e l\u00fapus, s\u00e3o prioritariamente doen\u00e7as de pessoas mais jovens. As pessoas idosas t\u00eam mais doen\u00e7as articulares reumatol\u00f3gicas degenerativas. As doen\u00e7as inflamat\u00f3rias acometem mais pessoas mais jovens.\u201d Diz o Dr. Marcos Carneiro.<\/p>\n\n\n\n<p>Apesar das doen\u00e7as reum\u00e1ticas serem doen\u00e7as inflamat\u00f3rias, procura-se uma correla\u00e7\u00e3o entre esta caracter\u00edstica e a fun\u00e7\u00e3o neurol\u00f3gica e cerebral. A medicina investiga constantemente a rela\u00e7\u00e3o de doen\u00e7as reumatol\u00f3gicas com traumas psicol\u00f3gicos.<\/p>\n\n\n\n<p>\u201cAlgumas doen\u00e7as reumatol\u00f3gicas como a fibromialgia, que \u00e9 uma s\u00edndrome, est\u00e3o nitidamente ligadas a problemas de ordem psicol\u00f3gica, principalmente altera\u00e7\u00f5es de humor, como a depress\u00e3o. As doen\u00e7as reumatol\u00f3gicas, em geral, s\u00e3o doen\u00e7as incapacitantes e dolorosas, e devido a isso, tamb\u00e9m levam a uma altera\u00e7\u00e3o do humor. No geral, podem causar depress\u00e3o e sensa\u00e7\u00e3o de falta de esperan\u00e7a. Ou seja, tendo um problema de ordem psicol\u00f3gica, voc\u00ea pode acarretar uma altera\u00e7\u00e3o na resposta imunol\u00f3gica e gerar uma doen\u00e7a reumatol\u00f3gica.\u201d Explica o especialista da Unimed Petr\u00f3polis.<\/p>\n\n\n\n<p>Em muitos casos, como na artrite reumatoide, o organismo produz anticorpos contra as suas pr\u00f3prias articula\u00e7\u00f5es. Ainda n\u00e3o se sabe bem qual o gatilho que desencadeia essa autoagress\u00e3o. A pessoa provavelmente j\u00e1 nasce com essa propens\u00e3o gen\u00e9tica que se manifesta em forma de artrite reumatoide. Os anticorpos se dirigem para as membranas sinoviais, que s\u00e3o membranas que recobrem as articula\u00e7\u00f5es, e induzem um processo inflamat\u00f3rio. Isso faz com que v\u00e1rias subst\u00e2ncias auto inflamat\u00f3rias progridam nesse processo, fazendo com que a articula\u00e7\u00e3o possa ser at\u00e9 mesmo destru\u00edda.<\/p>\n\n\n\n<p><strong>Sintomas e Tratamento<\/strong><\/p>\n\n\n\n<p>Os sintomas mais comumente identificados s\u00e3o dores persistentes, rigidez nas articula\u00e7\u00f5es, incha\u00e7o e vermelhid\u00e3o.<\/p>\n\n\n\n<p>O tratamento para doen\u00e7as reum\u00e1ticas inclui pr\u00e1tica de exerc\u00edcios f\u00edsicos, terapia f\u00edsica e tratamento farmacol\u00f3gico com o uso de medicamentos. O Dr. Marcos Carneiro explica que deve-se tratar o paciente globalmente e n\u00e3o apenas suas articula\u00e7\u00f5es.<\/p>\n\n\n\n<p>\u201cO que \u00e9 mais importante dizer logo de in\u00edcio, \u00e9 que n\u00e3o se trata a doen\u00e7a, se trata pacientes. A doen\u00e7a em si \u00e9 algo em que o paciente est\u00e1 carreando naquele momento. A parte da sa\u00fade como um todo influencia no processo da inflama\u00e7\u00e3o da articula\u00e7\u00e3o do paciente ou at\u00e9 um processo reumatol\u00f3gico que n\u00e3o seja propriamente voltado para a articula\u00e7\u00e3o, mas para outros \u00f3rg\u00e3os, como no caso de l\u00fapus. Normalmente usamos anti-inflamat\u00f3rios n\u00e3o hormonais, que s\u00e3o os mais comuns que se encontram em farm\u00e1cias, e os corticoides para o tratamento. Ultimamente, o governo vem oferecendo rem\u00e9dios que s\u00e3o altamente sofisticados e de valor elevado. Isso \u00e9 um avan\u00e7o muito grande da medicina voltada para reumatologia e hoje voc\u00ea consegue alterar a hist\u00f3ria de doen\u00e7as como artrite reumatoide, espondilite anquilosante e l\u00fapus e dar uma sobrevida boa e com qualidade. Posso dizer, com certeza, que as doen\u00e7as reumatol\u00f3gicas em Petr\u00f3polis hoje s\u00e3o muito bem assistidas.\u201d Finaliza o especialista da Unimed Petr\u00f3polis.<\/p>\n","protected":false},"excerpt":{"rendered":"<p>Especialista da Unimed Petr\u00f3polis ressalta a import\u00e2ncia do\u00a0diagn\u00f3stico precoce e tratamento das doen\u00e7as reum\u00e1ticas para<\/p>\n","protected":false},"author":2,"featured_media":4589,"comment_status":"open","ping_status":"open","sticky":false,"template":"","format":"standard","meta":{"footnotes":""},"categories":[17],"tags":[],"class_list":["post-4588","post","type-post","status-publish","format-standard","has-post-thumbnail","hentry","category-outras-noticias"],"_links":{"self":[{"href":"https:\/\/tvc16.com\/portal\/wp-json\/wp\/v2\/posts\/4588","targetHints":{"allow":["GET"]}}],"collection":[{"href":"https:\/\/tvc16.com\/portal\/wp-json\/wp\/v2\/posts"}],"about":[{"href":"https:\/\/tvc16.com\/portal\/wp-json\/wp\/v2\/types\/post"}],"author":[{"embeddable":true,"href":"https:\/\/tvc16.com\/portal\/wp-json\/wp\/v2\/users\/2"}],"replies":[{"embeddable":true,"href":"https:\/\/tvc16.com\/portal\/wp-json\/wp\/v2\/comments?post=4588"}],"version-history":[{"count":1,"href":"https:\/\/tvc16.com\/portal\/wp-json\/wp\/v2\/posts\/4588\/revisions"}],"predecessor-version":[{"id":4590,"href":"https:\/\/tvc16.com\/portal\/wp-json\/wp\/v2\/posts\/4588\/revisions\/4590"}],"wp:featuredmedia":[{"embeddable":true,"href":"https:\/\/tvc16.com\/portal\/wp-json\/wp\/v2\/media\/4589"}],"wp:attachment":[{"href":"https:\/\/tvc16.com\/portal\/wp-json\/wp\/v2\/media?parent=4588"}],"wp:term":[{"taxonomy":"category","embeddable":true,"href":"https:\/\/tvc16.com\/portal\/wp-json\/wp\/v2\/categories?post=4588"},{"taxonomy":"post_tag","embeddable":true,"href":"https:\/\/tvc16.com\/portal\/wp-json\/wp\/v2\/tags?post=4588"}],"curies":[{"name":"wp","href":"https:\/\/api.w.org\/{rel}","templated":true}]}}