{"id":45881,"date":"2022-10-17T10:15:17","date_gmt":"2022-10-17T13:15:17","guid":{"rendered":"https:\/\/tvc16.com\/portal\/?p=45881"},"modified":"2022-10-17T10:15:18","modified_gmt":"2022-10-17T13:15:18","slug":"mprj-se-reune-com-municipio-de-sao-jose-do-vale-do-rio-preto-para-tratar-sobre-prevencao-as-chuvas","status":"publish","type":"post","link":"https:\/\/tvc16.com\/portal\/2022\/10\/17\/mprj-se-reune-com-municipio-de-sao-jose-do-vale-do-rio-preto-para-tratar-sobre-prevencao-as-chuvas\/","title":{"rendered":"MPRJ se re\u00fane com Munic\u00edpio de S\u00e3o Jos\u00e9 do Vale do Rio Preto para tratar sobre preven\u00e7\u00e3o \u00e0s chuvas"},"content":{"rendered":"\n<p>O Minist\u00e9rio P\u00fablico do Rio de Janeiro (MPRJ), por meio das Promotorias de Justi\u00e7a de Tutela Coletiva do N\u00facleo Petr\u00f3polis, se reuniu, na sexta-feira (14\/10), com representantes do Munic\u00edpio de S\u00e3o Jos\u00e9 do Vale do Rio Preto, regi\u00e3o Serrana do Estado. O objetivo da reuni\u00e3o foi iniciar a constru\u00e7\u00e3o de um plano de conting\u00eancia para desastres com a\u00e7\u00f5es que dever\u00e3o ser adotadas para preparar a cidade para a \u00e9poca das chuvas.&nbsp;<\/p>\n\n\n\n<p>Na oportunidade, as promotoras de Justi\u00e7a Vanessa Katz e Zilda Januzzi orientaram \u00e0s autoridades da Defesa Civil, Secretaria de Sa\u00fade e Secretaria de Assist\u00eancia Social sobre os pontos importantes que devem ser observados para elabora\u00e7\u00e3o desse planejamento. &#8220;O Munic\u00edpio de S\u00e3o Jos\u00e9 do Vale do Rio Preto concordou com a proposta do MPRJ e vai come\u00e7ar a elaborar esse projeto com base no que conversamos hoje&#8221;, afirmou Vanessa Katz. Uma nova reuni\u00e3o est\u00e1 marcada para novembro, para dar continuidade \u00e0 idealiza\u00e7\u00e3o do planejamento.<\/p>\n\n\n\n<p>A produ\u00e7\u00e3o do plano de assist\u00eancia de S\u00e3o Jos\u00e9 do Vale do Rio Preto contar\u00e1 com o apoio da equipe t\u00e9cnica do Centro Regional de Apoio Administrativo e Institucional (CRAAI) Petr\u00f3polis e seguir\u00e1 as diretrizes apontadas pelo&nbsp;<a href=\"https:\/\/www.mprj.mp.br\/home\/-\/detalhe-noticia\/visualizar\/114504\">Grupo Tem\u00e1tico Tempor\u00e1rio para Desastres Naturais (GTT-Desastres\/MPRJ)<\/a>.<\/p>\n\n\n\n<p><strong>Trag\u00e9dia Regi\u00e3o Serrana&nbsp;<\/strong><br>Em fevereiro e mar\u00e7o deste ano, um forte temporal atingiu a cidade de Petr\u00f3polis causando a morte de mais de 200 pessoas e centenas de desabrigados. O desastre tamb\u00e9m destruiu grande parte da cidade, por conta de deslizamentos de terra e inunda\u00e7\u00f5es dos rios. Na ocasi\u00e3o, foi montado um gabinete de crise pelo MPRJ, que, desde ent\u00e3o, trabalha para que sejam implantadas medidas de recupera\u00e7\u00e3o e de preven\u00e7\u00e3o dos impactos das chuvas na cidade.<\/p>\n\n\n\n<p><em>Por MPRJ<\/em><\/p>\n","protected":false},"excerpt":{"rendered":"<p>O Minist\u00e9rio P\u00fablico do Rio de Janeiro (MPRJ), por meio das Promotorias de Justi\u00e7a de<\/p>\n","protected":false},"author":2,"featured_media":45882,"comment_status":"open","ping_status":"open","sticky":false,"template":"","format":"standard","meta":{"footnotes":""},"categories":[17],"tags":[],"class_list":["post-45881","post","type-post","status-publish","format-standard","has-post-thumbnail","hentry","category-outras-noticias"],"_links":{"self":[{"href":"https:\/\/tvc16.com\/portal\/wp-json\/wp\/v2\/posts\/45881","targetHints":{"allow":["GET"]}}],"collection":[{"href":"https:\/\/tvc16.com\/portal\/wp-json\/wp\/v2\/posts"}],"about":[{"href":"https:\/\/tvc16.com\/portal\/wp-json\/wp\/v2\/types\/post"}],"author":[{"embeddable":true,"href":"https:\/\/tvc16.com\/portal\/wp-json\/wp\/v2\/users\/2"}],"replies":[{"embeddable":true,"href":"https:\/\/tvc16.com\/portal\/wp-json\/wp\/v2\/comments?post=45881"}],"version-history":[{"count":1,"href":"https:\/\/tvc16.com\/portal\/wp-json\/wp\/v2\/posts\/45881\/revisions"}],"predecessor-version":[{"id":45883,"href":"https:\/\/tvc16.com\/portal\/wp-json\/wp\/v2\/posts\/45881\/revisions\/45883"}],"wp:featuredmedia":[{"embeddable":true,"href":"https:\/\/tvc16.com\/portal\/wp-json\/wp\/v2\/media\/45882"}],"wp:attachment":[{"href":"https:\/\/tvc16.com\/portal\/wp-json\/wp\/v2\/media?parent=45881"}],"wp:term":[{"taxonomy":"category","embeddable":true,"href":"https:\/\/tvc16.com\/portal\/wp-json\/wp\/v2\/categories?post=45881"},{"taxonomy":"post_tag","embeddable":true,"href":"https:\/\/tvc16.com\/portal\/wp-json\/wp\/v2\/tags?post=45881"}],"curies":[{"name":"wp","href":"https:\/\/api.w.org\/{rel}","templated":true}]}}