{"id":45889,"date":"2022-10-17T15:03:08","date_gmt":"2022-10-17T18:03:08","guid":{"rendered":"https:\/\/tvc16.com\/portal\/?p=45889"},"modified":"2022-10-17T15:03:10","modified_gmt":"2022-10-17T18:03:10","slug":"cefet-rj-petropolis-abre-36-vagas-para-o-ensino-medio-integrado-em-2023","status":"publish","type":"post","link":"https:\/\/tvc16.com\/portal\/2022\/10\/17\/cefet-rj-petropolis-abre-36-vagas-para-o-ensino-medio-integrado-em-2023\/","title":{"rendered":"<strong>Cefet\/RJ Petr\u00f3polis abre 36 vagas para o ensino m\u00e9dio integrado em 2023&nbsp;<\/strong>"},"content":{"rendered":"\n<p>A unidade Petr\u00f3polis do Cefet\/RJ oferta 36 vagas em 2023 para o ensino m\u00e9dio integrado ao t\u00e9cnico em Telecomunica\u00e7\u00f5es, a partir do processo seletivo de Educa\u00e7\u00e3o Profissional T\u00e9cnica de N\u00edvel M\u00e9dio da institui\u00e7\u00e3o (<a href=\"https:\/\/tkq.48c.myftpupload.com\/wp-content\/uploads\/2022\/10\/01-Edital-09-2022-ensino-tecnico.pdf\" target=\"_blank\" rel=\"noreferrer noopener\">edital n\u00ba 09\/2022<\/a>). As vagas s\u00e3o divididas em&nbsp;18 para&nbsp;ampla&nbsp;concorr\u00eancia (AC) e 18 para atender a Lei n\u00ba 12.711\/12.&nbsp;As inscri\u00e7\u00f5es podem ser realizadas entre os dias 20 de outubro e 15 de novembro de 2022.&nbsp;<\/p>\n\n\n\n<p>Pode se candidatar para o processo seletivo qualquer pessoa que apresentar como escolaridade m\u00ednima o ensino\u00a0fundamental completo ou estiver cursando, em 2022, o 9\u00ba ano (antiga 8\u00aa s\u00e9rie) desse n\u00edvel de ensino e\u00a0que tenha idade inferior a 18 anos at\u00e9 o dia 27 de fevereiro de 2023.\u00a0\u00a0<\/p>\n\n\n\n<figure class=\"wp-block-image size-large\"><img loading=\"lazy\" decoding=\"async\" width=\"1024\" height=\"768\" src=\"https:\/\/tvc16.com\/portal\/wp-content\/uploads\/2022\/10\/WhatsApp-Image-2022-10-17-at-15.00.06-1024x768.jpeg\" alt=\"\" class=\"wp-image-45891\" srcset=\"https:\/\/tvc16.com\/portal\/wp-content\/uploads\/2022\/10\/WhatsApp-Image-2022-10-17-at-15.00.06-1024x768.jpeg 1024w, https:\/\/tvc16.com\/portal\/wp-content\/uploads\/2022\/10\/WhatsApp-Image-2022-10-17-at-15.00.06-300x225.jpeg 300w, https:\/\/tvc16.com\/portal\/wp-content\/uploads\/2022\/10\/WhatsApp-Image-2022-10-17-at-15.00.06-768x576.jpeg 768w, https:\/\/tvc16.com\/portal\/wp-content\/uploads\/2022\/10\/WhatsApp-Image-2022-10-17-at-15.00.06-200x150.jpeg 200w, https:\/\/tvc16.com\/portal\/wp-content\/uploads\/2022\/10\/WhatsApp-Image-2022-10-17-at-15.00.06.jpeg 1280w\" sizes=\"auto, (max-width: 1024px) 100vw, 1024px\" \/><\/figure>\n\n\n\n<p>Os interessados devem&nbsp;fazer o cadastro&nbsp;na p\u00e1gina\u202f&nbsp;<a href=\"https:\/\/selecon.org.br\/\" target=\"_blank\" rel=\"noreferrer noopener\">https:\/\/selecon.org.br<\/a>,&nbsp;preencher o Formul\u00e1rio de Inscri\u00e7\u00e3o&nbsp;e&nbsp;o Question\u00e1rio Socioecon\u00f4mico, e pagar a taxa de inscri\u00e7\u00e3o, no valor de R$ 60 reais.&nbsp;Para solicitar isen\u00e7\u00e3o da taxa de inscri\u00e7\u00e3o, os candidatos devem preencher e enviar o Formul\u00e1rio de Inscri\u00e7\u00e3o\/Isen\u00e7\u00e3o entre os dias 18 e 19 de outubro.&nbsp;<\/p>\n\n\n\n<p>O processo seletivo ser\u00e1 realizado em duas fases. A primeira etapa acontecer\u00e1 no dia 27 de novembro, das 9h \u00e0s 13h e consistir\u00e1 em 40 quest\u00f5es de m\u00faltipla escolha, distribu\u00eddas em L\u00edngua Portuguesa, Matem\u00e1tica, Ci\u00eancias da Natureza (F\u00edsica, Qu\u00edmica e Biologia) e Ci\u00eancias Humanas (Hist\u00f3ria e Geografia). O resultado final desta etapa ser\u00e1 divulgado em&nbsp;9 de dezembro, a partir das 19h. Os candidatos que se classificarem para a segunda fase realizar\u00e3o a prova no dia 18 de dezembro, das 8h \u00e0s 12h. &nbsp;<\/p>\n\n\n\n<p>O resultado final do processo seletivo ser\u00e1 divulgado no em&nbsp;23 de janeiro de 2023, a partir das 19 horas, no site da Selecon (<a href=\"https:\/\/selecon.org.br\/\" target=\"_blank\" rel=\"noreferrer noopener\">https:\/\/selecon.org.br<\/a>).&nbsp;<\/p>\n\n\n\n<p><strong>Sobre o Cefet\/RJ Petr\u00f3polis&nbsp;<\/strong><\/p>\n\n\n\n<p>O Cefet\/RJ Petr\u00f3polis \u00e9 uma institui\u00e7\u00e3o p\u00fablica federal e gratuita, localizada na Rua do Imperador, 971 \u2013 centro. Al\u00e9m do ensino m\u00e9dio integrado, oferece quatro gradua\u00e7\u00f5es: Bacharelado em Engenharia de Computa\u00e7\u00e3o, Bacharelado em Turismo, Licenciatura em F\u00edsica e Licenciatura em Matem\u00e1tica. &nbsp;<\/p>\n\n\n\n<p>Maiores informa\u00e7\u00f5es em&nbsp;<a href=\"http:\/\/www.cefet-rj.br\/petropolis\" target=\"_blank\" rel=\"noreferrer noopener\">www.cefet-rj.br\/petropolis<\/a>. &nbsp;<\/p>\n","protected":false},"excerpt":{"rendered":"<p>A unidade Petr\u00f3polis do Cefet\/RJ oferta 36 vagas em 2023 para o ensino m\u00e9dio integrado<\/p>\n","protected":false},"author":2,"featured_media":45890,"comment_status":"open","ping_status":"open","sticky":false,"template":"","format":"standard","meta":{"footnotes":""},"categories":[12],"tags":[],"class_list":["post-45889","post","type-post","status-publish","format-standard","has-post-thumbnail","hentry","category-cidade"],"_links":{"self":[{"href":"https:\/\/tvc16.com\/portal\/wp-json\/wp\/v2\/posts\/45889","targetHints":{"allow":["GET"]}}],"collection":[{"href":"https:\/\/tvc16.com\/portal\/wp-json\/wp\/v2\/posts"}],"about":[{"href":"https:\/\/tvc16.com\/portal\/wp-json\/wp\/v2\/types\/post"}],"author":[{"embeddable":true,"href":"https:\/\/tvc16.com\/portal\/wp-json\/wp\/v2\/users\/2"}],"replies":[{"embeddable":true,"href":"https:\/\/tvc16.com\/portal\/wp-json\/wp\/v2\/comments?post=45889"}],"version-history":[{"count":1,"href":"https:\/\/tvc16.com\/portal\/wp-json\/wp\/v2\/posts\/45889\/revisions"}],"predecessor-version":[{"id":45892,"href":"https:\/\/tvc16.com\/portal\/wp-json\/wp\/v2\/posts\/45889\/revisions\/45892"}],"wp:featuredmedia":[{"embeddable":true,"href":"https:\/\/tvc16.com\/portal\/wp-json\/wp\/v2\/media\/45890"}],"wp:attachment":[{"href":"https:\/\/tvc16.com\/portal\/wp-json\/wp\/v2\/media?parent=45889"}],"wp:term":[{"taxonomy":"category","embeddable":true,"href":"https:\/\/tvc16.com\/portal\/wp-json\/wp\/v2\/categories?post=45889"},{"taxonomy":"post_tag","embeddable":true,"href":"https:\/\/tvc16.com\/portal\/wp-json\/wp\/v2\/tags?post=45889"}],"curies":[{"name":"wp","href":"https:\/\/api.w.org\/{rel}","templated":true}]}}