{"id":4599,"date":"2020-11-01T19:02:34","date_gmt":"2020-11-01T19:02:34","guid":{"rendered":"https:\/\/tvc16.com\/portal\/?p=4599"},"modified":"2020-11-01T19:02:34","modified_gmt":"2020-11-01T19:02:34","slug":"jornada-empreendedora-encerra-programacao-da-11a-semana-de-ciencia-e-tecnologia-da-unesc","status":"publish","type":"post","link":"https:\/\/tvc16.com\/portal\/2020\/11\/01\/jornada-empreendedora-encerra-programacao-da-11a-semana-de-ciencia-e-tecnologia-da-unesc\/","title":{"rendered":"Jornada Empreendedora encerra programa\u00e7\u00e3o da 11\u00aa Semana de Ci\u00eancia e Tecnologia da Unesc"},"content":{"rendered":"\n<p>Por: Reda\u00e7\u00e3o Sul Not\u00edcias<\/p>\n\n\n\n<p>www.sulnoticias.com<\/p>\n\n\n\n<p>Com mais de 3.500 inscritos, 120 palestras e quase 900 trabalhos acad\u00eamicos apresentados, foi encerrada, na noite desta sexta-feira (30\/10), a 11\u00aa edi\u00e7\u00e3o da Semana de Ci\u00eancia e Tecnologia da Unesc. Ao longo dos cinco dias de extensa programa\u00e7\u00e3o realizada de forma virtual o evento recebeu mais de 20 mil visitantes, sendo estes de 21 Estados da federa\u00e7\u00e3o.<\/p>\n\n\n\n<p>Entre as atividades que marcaram o fim dos trabalhos esteve a Jornada Empreendedora, a\u00e7\u00e3o na qual as comunidades interna e externa puderam aprender em um bate-papo din\u00e2mico sobre formas de recuperar neg\u00f3cios em tempos de crise. Ainda na noite de encerramento a SCT contou com um de seus grandes destaques, a Feira de Inova\u00e7\u00e3o, al\u00e9m de outras dez atividades paralelas.<\/p>\n\n\n\n<p>Jornada Empreendedora<\/p>\n\n\n\n<p>A partir de um resgate hist\u00f3rico e a contextualiza\u00e7\u00e3o com o momento atual, Leandro Piazza e Adolfo Cesar&nbsp;dos Santos trouxeram exemplos de gest\u00e3o de crise e de neg\u00f3cios que cresceram durante a pandemia, al\u00e9m das oportunidades abertas para as startups a partir do cen\u00e1rio. \u201cMesmo que voc\u00ea seja um professor, m\u00e9dico, um advogado, voc\u00ea precisa pensar como startup, ter um DNA desse modelo\u201d, destacou Leandro.<\/p>\n\n\n\n<p>Conforme o professor, \u00e9 preciso desmistificar a ideia de que startup precisa estar intimamente ligada produtos de tecnologia. \u201cStartup \u00e9 uma empresa em que o modelo de neg\u00f3cio n\u00e3o est\u00e1 totalmente validado, est\u00e1 se buscando algo escal\u00e1vel e inovador em um mercado incerto e pouco navegado. Pode ser um neg\u00f3cio de inova\u00e7\u00e3o, de viagem ou do que for. \u00c9 um jeito novo de desenhar o in\u00edcio de uma empresa. \u00c9 o in\u00edcio 4.0 da jornada empreendedora\u201d, descreveu o ministrante que acrescentou que as dez empresas que mais cresceram na pandemia, desde a Amazon at\u00e9 a T-Mobile, s\u00e3o startups.<\/p>\n\n\n\n<p>Leandro Piazza representou a empresa 49 Educa\u00e7\u00e3o e foi eleito um dos dez melhores mentores do pa\u00eds em 2020 em evento organiza\u00e7\u00e3o pela Associa\u00e7\u00e3o Brasileira de Startups. J\u00e1 Adolfo Cesar representou o Sebrae, institui\u00e7\u00e3o na qual atualmente como facilitador do programa Empretec e mentor de lideran\u00e7a empresarial.<\/p>\n\n\n\n<p>A palestra da noite foi mediada pelo coordenador do curso de Design de Produto da Unesc, Jo\u00e3o Rieth e contou com a participa\u00e7\u00e3o do coordenador-adjunto do curso de Administra\u00e7\u00e3o, Thiago Francisco. O conte\u00fado est\u00e1 dispon\u00edvel no canal Unesc Oficial (<a href=\"https:\/\/www.youtube.com\/watch?v=xZBL-ask02U\" target=\"_blank\" rel=\"noreferrer noopener\">https:\/\/www.youtube.com\/watch?v=xZBL-ask02U<\/a>)<\/p>\n\n\n\n<p>Edi\u00e7\u00e3o desafiadora e vitoriosa<\/p>\n\n\n\n<p>Os n\u00fameros da 11\u00aa edi\u00e7\u00e3o da SCT n\u00e3o deixam d\u00favidas: a Unesc construiu, mesmo em meio \u00e0s adversidades impostas pela pandemia, mais um evento de grande sucesso. Ser assistido por mais de 20 mil pessoas, de 21 Estados e contar com um total de inscritos que ultrapassou os 3,5 mil n\u00e3o s\u00e3o marcas que se alcan\u00e7a facilmente.<\/p>\n\n\n\n<p>Para a reitora da Universidade, Luciane Bisognin Ceretta, a realiza\u00e7\u00e3o de um evento de tamanho sucesso mostra de forma clara a for\u00e7a da Unesc. \u201cEsse \u00e9 um evento que nos orgulha por representar a imensid\u00e3o de possibilidades dessa Institui\u00e7\u00e3o. Ele \u00e9 um retrato do que essa Universidade oferece na excel\u00eancia no ensino, na pesquisa, na extens\u00e3o, na inova\u00e7\u00e3o e em todo o cen\u00e1rio no qual est\u00e1 inserida\u201d, destaca.<\/p>\n\n\n\n<p>A possibilidade de encontrar solu\u00e7\u00f5es r\u00e1pidas, acess\u00edveis e vi\u00e1veis para a realiza\u00e7\u00e3o de uma extensa programa\u00e7\u00e3o de forma remota, conforme Luciane, s\u00f3 existe porque a Universidade conta com uma equipe engajada e disposta a, acima de tudo, fazer acontecer. \u201c\u00c9 por isso que essa Semana marca as supera\u00e7\u00f5es. \u00c9 mais uma das grandes situa\u00e7\u00f5es que tivemos que enfrentar e superamos neste ano nas diferentes frentes de cada um. Temos, por tr\u00e1s de todo esse trabalho, uma grande equipe que me orgulha e me deixa imensamente grata por fazer parte deste time\u201d, refor\u00e7a.<\/p>\n\n\n\n<p>O desafio encarado de frente, conforme a coordenadora da SCT, Merisandra Cortes de Mattos, foi de alto n\u00edvel. \u201cEnquanto v\u00e1rias institui\u00e7\u00f5es de ensino superior do pa\u00eds cancelaram as suas semanas de Ci\u00eancia e Tecnologia, a Unesc mais uma vez mostra o qu\u00e3o \u00e9 diferenciada e preparada, possuindo uma grande capacidade de adapta\u00e7\u00e3o a diferentes cen\u00e1rios. E isto s\u00f3 se consegue fazer no coletivo, quando todos trabalham em prol de um objetivo comum\u201d, pontuou, completando a fala da reitora.<\/p>\n\n\n\n<p>Muito mais do que cumprir mais uma edi\u00e7\u00e3o do evento, de acordo com o diretor de P\u00f3s-gradua\u00e7\u00e3o da Unesc, Oscar Montedo, a Universidade superou seus pr\u00f3prios limites e utilizou da expertise dos \u00faltimos dez anos de Semana de Ci\u00eancia e Tecnologia para fazer deste o mais desafiador e o maior dos eventos. &nbsp;\u201cEstamos concluindo a Semana de Ci\u00eancia e Tecnologia da Unesc, neste desafiador ano, de forma virtual, mas muito bem-sucedida, superando todos os n\u00fameros dos anos anteriores e levando o que de melhor fazemos em pesquisa cient\u00edfico-tecnol\u00f3gica, extens\u00e3o e ensino a participantes de 21 Estados da na\u00e7\u00e3o\u201d, analisou.<\/p>\n","protected":false},"excerpt":{"rendered":"<p>Por: Reda\u00e7\u00e3o Sul Not\u00edcias www.sulnoticias.com Com mais de 3.500 inscritos, 120 palestras e quase 900<\/p>\n","protected":false},"author":2,"featured_media":4600,"comment_status":"open","ping_status":"open","sticky":false,"template":"","format":"standard","meta":{"footnotes":""},"categories":[16],"tags":[],"class_list":["post-4599","post","type-post","status-publish","format-standard","has-post-thumbnail","hentry","category-colunistas"],"_links":{"self":[{"href":"https:\/\/tvc16.com\/portal\/wp-json\/wp\/v2\/posts\/4599","targetHints":{"allow":["GET"]}}],"collection":[{"href":"https:\/\/tvc16.com\/portal\/wp-json\/wp\/v2\/posts"}],"about":[{"href":"https:\/\/tvc16.com\/portal\/wp-json\/wp\/v2\/types\/post"}],"author":[{"embeddable":true,"href":"https:\/\/tvc16.com\/portal\/wp-json\/wp\/v2\/users\/2"}],"replies":[{"embeddable":true,"href":"https:\/\/tvc16.com\/portal\/wp-json\/wp\/v2\/comments?post=4599"}],"version-history":[{"count":1,"href":"https:\/\/tvc16.com\/portal\/wp-json\/wp\/v2\/posts\/4599\/revisions"}],"predecessor-version":[{"id":4601,"href":"https:\/\/tvc16.com\/portal\/wp-json\/wp\/v2\/posts\/4599\/revisions\/4601"}],"wp:featuredmedia":[{"embeddable":true,"href":"https:\/\/tvc16.com\/portal\/wp-json\/wp\/v2\/media\/4600"}],"wp:attachment":[{"href":"https:\/\/tvc16.com\/portal\/wp-json\/wp\/v2\/media?parent=4599"}],"wp:term":[{"taxonomy":"category","embeddable":true,"href":"https:\/\/tvc16.com\/portal\/wp-json\/wp\/v2\/categories?post=4599"},{"taxonomy":"post_tag","embeddable":true,"href":"https:\/\/tvc16.com\/portal\/wp-json\/wp\/v2\/tags?post=4599"}],"curies":[{"name":"wp","href":"https:\/\/api.w.org\/{rel}","templated":true}]}}