{"id":4602,"date":"2020-11-01T19:53:59","date_gmt":"2020-11-01T19:53:59","guid":{"rendered":"https:\/\/tvc16.com\/portal\/?p=4602"},"modified":"2020-11-01T19:53:59","modified_gmt":"2020-11-01T19:53:59","slug":"acoes-do-fim-de-semana-dos-candidatos-a-prefeito-de-petropolis","status":"publish","type":"post","link":"https:\/\/tvc16.com\/portal\/2020\/11\/01\/acoes-do-fim-de-semana-dos-candidatos-a-prefeito-de-petropolis\/","title":{"rendered":"A\u00e7\u00f5es, do fim de semana, dos candidatos a prefeito de Petr\u00f3polis"},"content":{"rendered":"\n<p>Elei\u00e7\u00f5es 2020: Fim de semana movimentado para os candidatos <\/p>\n\n\n\n<p>O Coronel Vieira Neto come\u00e7ou a manh\u00e3 deste s\u00e1bado se reunindo com empres\u00e1rios da Feirinha de Itaipava. Recebeu sugest\u00f5es e ouviu todas as reivindica\u00e7\u00f5es para a melhoria daquele importante polo comercial e tur\u00edstico de Petr\u00f3polis. Durante toda a tarde, fez caminhada em Pedro do Rio, acompanhado por apoiadores. Conheceu de perto as necessidades dos moradores e comerciantes locais, para quem pode apresentar suas propostas de forma clara e direta.<\/p>\n\n\n\n<figure class=\"wp-block-image size-large\"><img loading=\"lazy\" decoding=\"async\" width=\"1024\" height=\"682\" src=\"https:\/\/tvc16.com\/portal\/wp-content\/uploads\/2020\/11\/IMG-20201031-WA0172-1024x682.jpg\" alt=\"\" class=\"wp-image-4603\" srcset=\"https:\/\/tvc16.com\/portal\/wp-content\/uploads\/2020\/11\/IMG-20201031-WA0172-1024x682.jpg 1024w, https:\/\/tvc16.com\/portal\/wp-content\/uploads\/2020\/11\/IMG-20201031-WA0172-300x200.jpg 300w, https:\/\/tvc16.com\/portal\/wp-content\/uploads\/2020\/11\/IMG-20201031-WA0172-768x512.jpg 768w, https:\/\/tvc16.com\/portal\/wp-content\/uploads\/2020\/11\/IMG-20201031-WA0172-900x600.jpg 900w, https:\/\/tvc16.com\/portal\/wp-content\/uploads\/2020\/11\/IMG-20201031-WA0172.jpg 1280w\" sizes=\"auto, (max-width: 1024px) 100vw, 1024px\" \/><figcaption>Coronel Vieira Neto <\/figcaption><\/figure>\n\n\n\n<p>O candidato a prefeito Elias Montes esteve hoje no Bairro Roseiral pela manh\u00e3 com o candidato a vereador pelo PSL e amigo de longa data Xuxu Cordeiro. Caminharam com apoiadores pelas ruas do bairro, onde Elias nasceu,\u00a0 encontrando amigos e antigos moradores.\u00a0Mais tarde Elias Montes se reuniu com a equipe de planejamento de governo para discutir as primeiras a\u00e7\u00f5es do seu eventual governo para imediata retomada do crescimento e gera\u00e7\u00e3o de empregos na cidade. <\/p>\n\n\n\n<figure class=\"wp-block-image size-large\"><img loading=\"lazy\" decoding=\"async\" width=\"1024\" height=\"576\" src=\"https:\/\/tvc16.com\/portal\/wp-content\/uploads\/2020\/11\/IMG-20201031-WA0096-1024x576.jpg\" alt=\"\" class=\"wp-image-4613\" srcset=\"https:\/\/tvc16.com\/portal\/wp-content\/uploads\/2020\/11\/IMG-20201031-WA0096-1024x576.jpg 1024w, https:\/\/tvc16.com\/portal\/wp-content\/uploads\/2020\/11\/IMG-20201031-WA0096-300x169.jpg 300w, https:\/\/tvc16.com\/portal\/wp-content\/uploads\/2020\/11\/IMG-20201031-WA0096-768x432.jpg 768w, https:\/\/tvc16.com\/portal\/wp-content\/uploads\/2020\/11\/IMG-20201031-WA0096.jpg 1280w\" sizes=\"auto, (max-width: 1024px) 100vw, 1024px\" \/><\/figure>\n\n\n\n<p>O candidato a prefeito Rubens Bomtempo (PSB) e seu vice Paulo Mustrangi (Solidariedade) estiveram neste domingo (dia 1\u00ba) na quadra de esportes do Boa Vista. Os dois conversaram com moradores do bairro, que aproveitaram o dia chuvoso para jogar bola na quadra coberta, sobre propostas de gera\u00e7\u00e3o de renda e emprego para a popula\u00e7\u00e3o de Petr\u00f3polis.\u00a0Nas conversas, os dois candidatos falaram sobre a proposta de cria\u00e7\u00e3o do aux\u00edlio popular.<\/p>\n\n\n\n<figure class=\"wp-block-image size-large\"><img loading=\"lazy\" decoding=\"async\" width=\"1024\" height=\"685\" src=\"https:\/\/tvc16.com\/portal\/wp-content\/uploads\/2020\/11\/Bomtempo-e-Mustrangi-Quadra-Boa-Vista-01.11.2020-1024x685.jpg\" alt=\"\" class=\"wp-image-4604\" srcset=\"https:\/\/tvc16.com\/portal\/wp-content\/uploads\/2020\/11\/Bomtempo-e-Mustrangi-Quadra-Boa-Vista-01.11.2020-1024x685.jpg 1024w, https:\/\/tvc16.com\/portal\/wp-content\/uploads\/2020\/11\/Bomtempo-e-Mustrangi-Quadra-Boa-Vista-01.11.2020-300x201.jpg 300w, https:\/\/tvc16.com\/portal\/wp-content\/uploads\/2020\/11\/Bomtempo-e-Mustrangi-Quadra-Boa-Vista-01.11.2020-768x513.jpg 768w, https:\/\/tvc16.com\/portal\/wp-content\/uploads\/2020\/11\/Bomtempo-e-Mustrangi-Quadra-Boa-Vista-01.11.2020-1536x1027.jpg 1536w\" sizes=\"auto, (max-width: 1024px) 100vw, 1024px\" \/><figcaption>Rubens Bomtempo<\/figcaption><\/figure>\n\n\n\n<p>Na manh\u00e3 deste s\u00e1bado, 31, o candidato \u00e0 Prefeito Ramon Mello 70 fez uma  caminhada no bairro Jardim Salvador, conversando com os \u00a0moradores e entendendo as necessidades locais. Na sequ\u00eancia,  foi para o Castelo S\u00e3o Manoel. Na parte da tarde foi a abordado por diversos moradores, denunciando o \u00a0abandono do poder p\u00fablico na localidade. O \u00faltimo compromisso do candidato foi uma carreata com o vereador Juliano Costa Dentista, por Correas, Nogueira, Itaipava, Pedro do Rio e Sete Casas.<\/p>\n\n\n\n<figure class=\"wp-block-image size-large\"><img loading=\"lazy\" decoding=\"async\" width=\"1024\" height=\"682\" src=\"https:\/\/tvc16.com\/portal\/wp-content\/uploads\/2020\/11\/Image-2020-10-31-1024x682.jpeg\" alt=\"\" class=\"wp-image-4605\" srcset=\"https:\/\/tvc16.com\/portal\/wp-content\/uploads\/2020\/11\/Image-2020-10-31-1024x682.jpeg 1024w, https:\/\/tvc16.com\/portal\/wp-content\/uploads\/2020\/11\/Image-2020-10-31-300x200.jpeg 300w, https:\/\/tvc16.com\/portal\/wp-content\/uploads\/2020\/11\/Image-2020-10-31-768x512.jpeg 768w, https:\/\/tvc16.com\/portal\/wp-content\/uploads\/2020\/11\/Image-2020-10-31-900x600.jpeg 900w, https:\/\/tvc16.com\/portal\/wp-content\/uploads\/2020\/11\/Image-2020-10-31.jpeg 1280w\" sizes=\"auto, (max-width: 1024px) 100vw, 1024px\" \/><figcaption>Ramon Mello<\/figcaption><\/figure>\n\n\n\n<p><strong>Alexandre Gurgel diz que vai investir em pol\u00edticas de promo\u00e7\u00e3o social para a popula\u00e7\u00e3o em situa\u00e7\u00e3o de rua<\/strong>. &#8220;Petr\u00f3polis tem aproximadamente 140 pessoas vivendo em situa\u00e7\u00e3o de rua. O per\u00edodo dif\u00edcil que a cidade enfrenta por causa da pandemia, fragilizou ainda mais essa parcela da popula\u00e7\u00e3o t\u00e3o vulner\u00e1vel. A cidade carece de equipes capacitadas e equipamentos que ajudem a reinserir a popula\u00e7\u00e3o em situa\u00e7\u00e3o de rua novamente na sociedade&#8221;. <\/p>\n\n\n\n<figure class=\"wp-block-image size-large\"><img loading=\"lazy\" decoding=\"async\" width=\"1024\" height=\"768\" src=\"https:\/\/tvc16.com\/portal\/wp-content\/uploads\/2020\/11\/Foto-assistencia_-pronta.jpg\" alt=\"\" class=\"wp-image-4606\" srcset=\"https:\/\/tvc16.com\/portal\/wp-content\/uploads\/2020\/11\/Foto-assistencia_-pronta.jpg 1024w, https:\/\/tvc16.com\/portal\/wp-content\/uploads\/2020\/11\/Foto-assistencia_-pronta-300x225.jpg 300w, https:\/\/tvc16.com\/portal\/wp-content\/uploads\/2020\/11\/Foto-assistencia_-pronta-768x576.jpg 768w, https:\/\/tvc16.com\/portal\/wp-content\/uploads\/2020\/11\/Foto-assistencia_-pronta-200x150.jpg 200w\" sizes=\"auto, (max-width: 1024px) 100vw, 1024px\" \/><figcaption>Alexandre Gurgel<\/figcaption><\/figure>\n\n\n\n<p><strong>Cart\u00e3o Merenda: Bernardo Rossi reafirma compromisso de manter o refor\u00e7o para os alunos da rede municipal<\/strong>. Quando o atendimento na rede municipal foi suspenso, devido \u00e0 pandemia do coronav\u00edrus, o candidato \u00e0 reelei\u00e7\u00e3o, Bernardo Rossi (PL), criou o Programa Merenda Certa, com a entrega de um cart\u00e3o de cr\u00e9dito para cada aluno da rede municipal, com o objetivo de refor\u00e7ar a alimenta\u00e7\u00e3o escolar. No plano de governo de Bernardo Rossi, o cart\u00e3o ser\u00e1 mantido. <\/p>\n\n\n\n<figure class=\"wp-block-image size-large\"><img loading=\"lazy\" decoding=\"async\" width=\"800\" height=\"533\" src=\"https:\/\/tvc16.com\/portal\/wp-content\/uploads\/2020\/11\/BR-28-10-5.jpg\" alt=\"\" class=\"wp-image-4607\" srcset=\"https:\/\/tvc16.com\/portal\/wp-content\/uploads\/2020\/11\/BR-28-10-5.jpg 800w, https:\/\/tvc16.com\/portal\/wp-content\/uploads\/2020\/11\/BR-28-10-5-300x200.jpg 300w, https:\/\/tvc16.com\/portal\/wp-content\/uploads\/2020\/11\/BR-28-10-5-768x512.jpg 768w\" sizes=\"auto, (max-width: 800px) 100vw, 800px\" \/><figcaption>Bernardo Rossi<\/figcaption><\/figure>\n\n\n\n<p>Segundo Jamil Sabr\u00e1, &#8220;A falta de investimentos que possibilitem a constru\u00e7\u00e3o de um ambiente escolar sadio e receptivo, capaz de promover o desenvolvimento das capacidades individuais dos estudantes, colocaram Petr\u00f3polis na 59\u00aa posi\u00e7\u00e3o no ranking de escolariza\u00e7\u00e3o das crian\u00e7as entre 5 e 14 anos. Ser\u00e3o tomadas medidas emergenciais para mudar esse quadro. Para tanto, \u00e9 indispens\u00e1vel estruturar as unidades da rede municipal de forma a incentivar o aluno ao conhecimento&#8221;. <\/p>\n\n\n\n<figure class=\"wp-block-image size-large\"><img loading=\"lazy\" decoding=\"async\" width=\"1000\" height=\"666\" src=\"https:\/\/tvc16.com\/portal\/wp-content\/uploads\/2020\/11\/foto-midia-1.jpg\" alt=\"\" class=\"wp-image-4612\" srcset=\"https:\/\/tvc16.com\/portal\/wp-content\/uploads\/2020\/11\/foto-midia-1.jpg 1000w, https:\/\/tvc16.com\/portal\/wp-content\/uploads\/2020\/11\/foto-midia-1-300x200.jpg 300w, https:\/\/tvc16.com\/portal\/wp-content\/uploads\/2020\/11\/foto-midia-1-768x511.jpg 768w, https:\/\/tvc16.com\/portal\/wp-content\/uploads\/2020\/11\/foto-midia-1-900x600.jpg 900w\" sizes=\"auto, (max-width: 1000px) 100vw, 1000px\" \/><figcaption>Jamil Sabr\u00e1<\/figcaption><\/figure>\n\n\n\n<p>Professor Leandro Azevedo visita as regi\u00f5es do Quarteir\u00e3o Brasileiro e Bela Vista. O professor Leandro Azevedo, candidato a prefeito pelo PSD, esteve na manh\u00e3 desta sexta-feira (30) caminhando pelas regi\u00f5es do Quarteir\u00e3o Brasileiro e Bela Vista. Ao lado do candidato a vice-prefeito, Paulinho da Corpo de \u00c1gua, conversaram com os moradores e ouviram as demandas para a Educa\u00e7\u00e3o, o Esporte, o Lazer e os servi\u00e7os b\u00e1sicos para as comunidades.<\/p>\n\n\n\n<figure class=\"wp-block-image size-large\"><img loading=\"lazy\" decoding=\"async\" width=\"1024\" height=\"576\" src=\"https:\/\/tvc16.com\/portal\/wp-content\/uploads\/2020\/11\/WhatsApp-Image-2020-10-30-at-14.46.31-1024x576.jpeg\" alt=\"\" class=\"wp-image-4608\" srcset=\"https:\/\/tvc16.com\/portal\/wp-content\/uploads\/2020\/11\/WhatsApp-Image-2020-10-30-at-14.46.31-1024x576.jpeg 1024w, https:\/\/tvc16.com\/portal\/wp-content\/uploads\/2020\/11\/WhatsApp-Image-2020-10-30-at-14.46.31-300x169.jpeg 300w, https:\/\/tvc16.com\/portal\/wp-content\/uploads\/2020\/11\/WhatsApp-Image-2020-10-30-at-14.46.31-768x432.jpeg 768w, https:\/\/tvc16.com\/portal\/wp-content\/uploads\/2020\/11\/WhatsApp-Image-2020-10-30-at-14.46.31.jpeg 1280w\" sizes=\"auto, (max-width: 1024px) 100vw, 1024px\" \/><figcaption>Leandro Azevedo<\/figcaption><\/figure>\n\n\n\n<p>IMPORTANTE: os candidatos que n\u00e3o estiverem aqui \u00e9 porque as assessorias n\u00e3o encaminharam as a\u00e7\u00f5es.<\/p>\n\n\n\n<p>IMPORTANTE 01: Todos os candidatos tiveram o mesmo espa\u00e7o, sete linhas e uma foto.<\/p>\n\n\n\n<p>IMPORTANTE 03: Quem quiser divulgar suas a\u00e7\u00f5es, enviar email para: bethdeoliveira@yahoo.com.br<\/p>\n","protected":false},"excerpt":{"rendered":"<p>Elei\u00e7\u00f5es 2020: Fim de semana movimentado para os candidatos O Coronel Vieira Neto come\u00e7ou a<\/p>\n","protected":false},"author":2,"featured_media":4614,"comment_status":"open","ping_status":"open","sticky":false,"template":"","format":"standard","meta":{"footnotes":""},"categories":[12],"tags":[],"class_list":["post-4602","post","type-post","status-publish","format-standard","has-post-thumbnail","hentry","category-cidade"],"_links":{"self":[{"href":"https:\/\/tvc16.com\/portal\/wp-json\/wp\/v2\/posts\/4602","targetHints":{"allow":["GET"]}}],"collection":[{"href":"https:\/\/tvc16.com\/portal\/wp-json\/wp\/v2\/posts"}],"about":[{"href":"https:\/\/tvc16.com\/portal\/wp-json\/wp\/v2\/types\/post"}],"author":[{"embeddable":true,"href":"https:\/\/tvc16.com\/portal\/wp-json\/wp\/v2\/users\/2"}],"replies":[{"embeddable":true,"href":"https:\/\/tvc16.com\/portal\/wp-json\/wp\/v2\/comments?post=4602"}],"version-history":[{"count":1,"href":"https:\/\/tvc16.com\/portal\/wp-json\/wp\/v2\/posts\/4602\/revisions"}],"predecessor-version":[{"id":4615,"href":"https:\/\/tvc16.com\/portal\/wp-json\/wp\/v2\/posts\/4602\/revisions\/4615"}],"wp:featuredmedia":[{"embeddable":true,"href":"https:\/\/tvc16.com\/portal\/wp-json\/wp\/v2\/media\/4614"}],"wp:attachment":[{"href":"https:\/\/tvc16.com\/portal\/wp-json\/wp\/v2\/media?parent=4602"}],"wp:term":[{"taxonomy":"category","embeddable":true,"href":"https:\/\/tvc16.com\/portal\/wp-json\/wp\/v2\/categories?post=4602"},{"taxonomy":"post_tag","embeddable":true,"href":"https:\/\/tvc16.com\/portal\/wp-json\/wp\/v2\/tags?post=4602"}],"curies":[{"name":"wp","href":"https:\/\/api.w.org\/{rel}","templated":true}]}}