{"id":4625,"date":"2020-11-01T21:51:42","date_gmt":"2020-11-01T21:51:42","guid":{"rendered":"https:\/\/tvc16.com\/portal\/?p=4625"},"modified":"2020-11-01T21:55:23","modified_gmt":"2020-11-01T21:55:23","slug":"o-tempo-e-a-temperatura-sudeste-do-pais-tem-previsao-de-tempo-com-chuva-nesta-segunda-feira-2","status":"publish","type":"post","link":"https:\/\/tvc16.com\/portal\/2020\/11\/01\/o-tempo-e-a-temperatura-sudeste-do-pais-tem-previsao-de-tempo-com-chuva-nesta-segunda-feira-2\/","title":{"rendered":"Sudeste do pa\u00eds tem previs\u00e3o de tempo com chuva, nesta segunda-feira (2)"},"content":{"rendered":"\n<p>A temperatura m\u00ednima na regi\u00e3o \u00e9 de 9\u00baC e a m\u00e1xima de 33\u00baC<\/p>\n\n\n\n<p>Previs\u00e3o de tempo com chuva em boa parte da regi\u00e3o Sudeste do pa\u00eds, nesta segunda-feira (2), especialmente no norte de Minas Gerais, Rio de Janeiro e Esp\u00edrito Santo. Tempo com chuva fraca, tamb\u00e9m, na faixa leste de S\u00e3o Paulo. Nas demais \u00e1reas do estado, o tempo firme volta a predominar, assim como no centro, sul e tri\u00e2ngulo mineiro.&nbsp;<br>&nbsp;<br>As temperaturas variam entre 9\u00baC e 33\u00baC. A umidade relativa do ar pode variar entre 30 e 100 por cento.<br>&nbsp;<br>As informa\u00e7\u00f5es s\u00e3o do Somar Meteorologia.<br>&nbsp;<br>Felipe Moura, o tempo e a temperatura.<\/p>\n\n\n\n<p>Fonte: <a href=\"https:\/\/brasil61.com\/noticias\/o-tempo-e-a-temperatura-sudeste-do-pais-tem-previsao-de-tempo-com-chuva-nesta-segunda-feira-2-ptsd202032?email=bethdeoliveira@yahoo.com.br&amp;utm_source=email_individual&amp;utm_medium=email_individual&amp;utm_campaign=email_individual\" target=\"_blank\" rel=\"noreferrer noopener\">Brasil 61<\/a><\/p>\n","protected":false},"excerpt":{"rendered":"<p>A temperatura m\u00ednima na regi\u00e3o \u00e9 de 9\u00baC e a m\u00e1xima de 33\u00baC Previs\u00e3o de<\/p>\n","protected":false},"author":2,"featured_media":4626,"comment_status":"open","ping_status":"open","sticky":false,"template":"","format":"standard","meta":{"footnotes":""},"categories":[17],"tags":[],"class_list":["post-4625","post","type-post","status-publish","format-standard","has-post-thumbnail","hentry","category-outras-noticias"],"_links":{"self":[{"href":"https:\/\/tvc16.com\/portal\/wp-json\/wp\/v2\/posts\/4625","targetHints":{"allow":["GET"]}}],"collection":[{"href":"https:\/\/tvc16.com\/portal\/wp-json\/wp\/v2\/posts"}],"about":[{"href":"https:\/\/tvc16.com\/portal\/wp-json\/wp\/v2\/types\/post"}],"author":[{"embeddable":true,"href":"https:\/\/tvc16.com\/portal\/wp-json\/wp\/v2\/users\/2"}],"replies":[{"embeddable":true,"href":"https:\/\/tvc16.com\/portal\/wp-json\/wp\/v2\/comments?post=4625"}],"version-history":[{"count":2,"href":"https:\/\/tvc16.com\/portal\/wp-json\/wp\/v2\/posts\/4625\/revisions"}],"predecessor-version":[{"id":4631,"href":"https:\/\/tvc16.com\/portal\/wp-json\/wp\/v2\/posts\/4625\/revisions\/4631"}],"wp:featuredmedia":[{"embeddable":true,"href":"https:\/\/tvc16.com\/portal\/wp-json\/wp\/v2\/media\/4626"}],"wp:attachment":[{"href":"https:\/\/tvc16.com\/portal\/wp-json\/wp\/v2\/media?parent=4625"}],"wp:term":[{"taxonomy":"category","embeddable":true,"href":"https:\/\/tvc16.com\/portal\/wp-json\/wp\/v2\/categories?post=4625"},{"taxonomy":"post_tag","embeddable":true,"href":"https:\/\/tvc16.com\/portal\/wp-json\/wp\/v2\/tags?post=4625"}],"curies":[{"name":"wp","href":"https:\/\/api.w.org\/{rel}","templated":true}]}}