{"id":4632,"date":"2020-11-01T21:57:50","date_gmt":"2020-11-01T21:57:50","guid":{"rendered":"https:\/\/tvc16.com\/portal\/?p=4632"},"modified":"2020-11-01T21:57:50","modified_gmt":"2020-11-01T21:57:50","slug":"sobe-para-62-numero-de-mortos-por-terremoto-na-turquia","status":"publish","type":"post","link":"https:\/\/tvc16.com\/portal\/2020\/11\/01\/sobe-para-62-numero-de-mortos-por-terremoto-na-turquia\/","title":{"rendered":"Sobe para 62 n\u00famero de mortos por terremoto na Turquia"},"content":{"rendered":"\n<h3 class=\"wp-block-heading\">Homem de 72 anos foi retirado de um pr\u00e9dio em Izmir<\/h3>\n\n\n\n<h4 class=\"wp-block-heading\">Por Mehmet Emin Caliskan e Murad Sezer &#8211; Reuters &#8211; &#8211;<\/h4>\n\n\n\n<figure class=\"wp-block-image\"><a href=\"https:\/\/br.reuters.com\/\" target=\"_blank\" rel=\"noreferrer noopener\"><img decoding=\"async\" src=\"https:\/\/agenciabrasil.ebc.com.br\/sites\/default\/files\/styles\/269x0\/public\/logo_parceiros\/logo_reuters.jpg?itok=1pP189Lc\" alt=\"Reuters\"\/><\/a><\/figure>\n\n\n\n<p>Um homem de 70 anos foi retirado dos escombros de um pr\u00e9dio na cidade turca de Izmir neste domingo (1\u00ba), depois de ficar preso por 33 horas ap\u00f3s um terremoto que atingiu a costa da Turquia e ilhas gregas.<img decoding=\"async\" src=\"https:\/\/agenciabrasil.ebc.com.br\/ebc.png?id=1392018&amp;o=node\"><img decoding=\"async\" src=\"https:\/\/agenciabrasil.ebc.com.br\/ebc.gif?id=1392018&amp;o=node\"><\/p>\n\n\n\n<p>Autoridades turcas informaram mais mortes no domingo, o que elevou o total a 62, todas em Izmir, enquanto dois adolescentes morreram na ilha grega de Samos.<\/p>\n\n\n\n<p>O homem foi resgatado de um dos 20 pr\u00e9dios residenciais destru\u00eddos no distrito de Bayrakli, uma antiga favela onde pr\u00e9dios mais antigos vulner\u00e1veis a terremotos est\u00e3o sendo substitu\u00eddos por projetos mais novos. Imagens de televis\u00e3o mostraram que os pr\u00e9dios que ca\u00edram eram os mais antigos.<\/p>\n","protected":false},"excerpt":{"rendered":"<p>Homem de 72 anos foi retirado de um pr\u00e9dio em Izmir Por Mehmet Emin Caliskan<\/p>\n","protected":false},"author":2,"featured_media":4633,"comment_status":"open","ping_status":"open","sticky":false,"template":"","format":"standard","meta":{"footnotes":""},"categories":[22],"tags":[],"class_list":["post-4632","post","type-post","status-publish","format-standard","has-post-thumbnail","hentry","category-internacional"],"_links":{"self":[{"href":"https:\/\/tvc16.com\/portal\/wp-json\/wp\/v2\/posts\/4632","targetHints":{"allow":["GET"]}}],"collection":[{"href":"https:\/\/tvc16.com\/portal\/wp-json\/wp\/v2\/posts"}],"about":[{"href":"https:\/\/tvc16.com\/portal\/wp-json\/wp\/v2\/types\/post"}],"author":[{"embeddable":true,"href":"https:\/\/tvc16.com\/portal\/wp-json\/wp\/v2\/users\/2"}],"replies":[{"embeddable":true,"href":"https:\/\/tvc16.com\/portal\/wp-json\/wp\/v2\/comments?post=4632"}],"version-history":[{"count":1,"href":"https:\/\/tvc16.com\/portal\/wp-json\/wp\/v2\/posts\/4632\/revisions"}],"predecessor-version":[{"id":4634,"href":"https:\/\/tvc16.com\/portal\/wp-json\/wp\/v2\/posts\/4632\/revisions\/4634"}],"wp:featuredmedia":[{"embeddable":true,"href":"https:\/\/tvc16.com\/portal\/wp-json\/wp\/v2\/media\/4633"}],"wp:attachment":[{"href":"https:\/\/tvc16.com\/portal\/wp-json\/wp\/v2\/media?parent=4632"}],"wp:term":[{"taxonomy":"category","embeddable":true,"href":"https:\/\/tvc16.com\/portal\/wp-json\/wp\/v2\/categories?post=4632"},{"taxonomy":"post_tag","embeddable":true,"href":"https:\/\/tvc16.com\/portal\/wp-json\/wp\/v2\/tags?post=4632"}],"curies":[{"name":"wp","href":"https:\/\/api.w.org\/{rel}","templated":true}]}}