{"id":4635,"date":"2020-11-01T22:00:39","date_gmt":"2020-11-01T22:00:39","guid":{"rendered":"https:\/\/tvc16.com\/portal\/?p=4635"},"modified":"2020-11-01T22:00:39","modified_gmt":"2020-11-01T22:00:39","slug":"recuperado-de-desidratacao-ministro-da-saude-recebe-alta-nesta-manha","status":"publish","type":"post","link":"https:\/\/tvc16.com\/portal\/2020\/11\/01\/recuperado-de-desidratacao-ministro-da-saude-recebe-alta-nesta-manha\/","title":{"rendered":"Recuperado de desidrata\u00e7\u00e3o, ministro da Sa\u00fade recebe alta nesta manh\u00e3"},"content":{"rendered":"\n<h3 class=\"wp-block-heading\">Diagnosticado com covid-19, Pazuello foi internado no \u00faltimo dia 30<\/h3>\n\n\n\n<h4 class=\"wp-block-heading\">Por Kelly Oliveira \u2013 Rep\u00f3rter da Ag\u00eancia Brasil &#8211; Bras\u00edlia<\/h4>\n\n\n\n<p>O&nbsp;<a href=\"https:\/\/agenciabrasil.ebc.com.br\/politica\/noticia\/2020-10\/ministro-da-saude-testa-positivo-para-covid-19\" target=\"_blank\" rel=\"noreferrer noopener\">ministro da Sa\u00fade<\/a>, Eduardo Pazuello, recebeu alta hospitalar \u00e0s 11h30 de hoje (1\u00ba), em Bras\u00edlia.<img decoding=\"async\" src=\"https:\/\/agenciabrasil.ebc.com.br\/ebc.png?id=1392015&amp;o=node\"><img decoding=\"async\" src=\"https:\/\/agenciabrasil.ebc.com.br\/ebc.gif?id=1392015&amp;o=node\"><\/p>\n\n\n\n<p>Em nota, o Minist\u00e9rio da Sa\u00fade informou que o ministro \u201cest\u00e1 bem e j\u00e1 recuperado do quadro de desidrata\u00e7\u00e3o\u201d. \u201cO ministro ser\u00e1 monitorado pela sua equipe m\u00e9dica das For\u00e7as Armadas at\u00e9 a total recupera\u00e7\u00e3o da covid-19\u201d, acrescentou o minist\u00e9rio.<\/p>\n\n\n\n<p>Diagnosticado com a doen\u00e7a no \u00faltimo dia 21, Pazuello foi internado na \u00faltima sexta-feira (30) em um hospital particular de Bras\u00edlia, com quadro de desidrata\u00e7\u00e3o.<\/p>\n\n\n\n<p>Segundo o Minist\u00e9rio da Sa\u00fade, ap\u00f3s receber alta de um hospital particular, em Bras\u00edlia, Pazuello seguiu para o Hospital das For\u00e7as Armadas \u201cpara an\u00e1lise da equipe m\u00e9dica que o acompanha desde o in\u00edcio do tratamento para covid-19\u201d.<\/p>\n\n\n\n<p>\u201cO estado de sa\u00fade do ministro \u00e9 est\u00e1vel. O procedimento \u00e9 regulamentar para o tratamento que teve in\u00edcio em unidade de sa\u00fade militar\u201d, acrescentou o minist\u00e9rio.<\/p>\n\n\n\n<p>*<em>Mat\u00e9ria atualizada \u00e0s 14h2 para acr\u00e9scimo de informa\u00e7\u00e3o.<\/em><\/p>\n\n\n\n<p>Edi\u00e7\u00e3o: Val\u00e9ria Aguiar<\/p>\n","protected":false},"excerpt":{"rendered":"<p>Diagnosticado com covid-19, Pazuello foi internado no \u00faltimo dia 30 Por Kelly Oliveira \u2013 Rep\u00f3rter<\/p>\n","protected":false},"author":2,"featured_media":4636,"comment_status":"open","ping_status":"open","sticky":false,"template":"","format":"standard","meta":{"footnotes":""},"categories":[17],"tags":[],"class_list":["post-4635","post","type-post","status-publish","format-standard","has-post-thumbnail","hentry","category-outras-noticias"],"_links":{"self":[{"href":"https:\/\/tvc16.com\/portal\/wp-json\/wp\/v2\/posts\/4635","targetHints":{"allow":["GET"]}}],"collection":[{"href":"https:\/\/tvc16.com\/portal\/wp-json\/wp\/v2\/posts"}],"about":[{"href":"https:\/\/tvc16.com\/portal\/wp-json\/wp\/v2\/types\/post"}],"author":[{"embeddable":true,"href":"https:\/\/tvc16.com\/portal\/wp-json\/wp\/v2\/users\/2"}],"replies":[{"embeddable":true,"href":"https:\/\/tvc16.com\/portal\/wp-json\/wp\/v2\/comments?post=4635"}],"version-history":[{"count":1,"href":"https:\/\/tvc16.com\/portal\/wp-json\/wp\/v2\/posts\/4635\/revisions"}],"predecessor-version":[{"id":4637,"href":"https:\/\/tvc16.com\/portal\/wp-json\/wp\/v2\/posts\/4635\/revisions\/4637"}],"wp:featuredmedia":[{"embeddable":true,"href":"https:\/\/tvc16.com\/portal\/wp-json\/wp\/v2\/media\/4636"}],"wp:attachment":[{"href":"https:\/\/tvc16.com\/portal\/wp-json\/wp\/v2\/media?parent=4635"}],"wp:term":[{"taxonomy":"category","embeddable":true,"href":"https:\/\/tvc16.com\/portal\/wp-json\/wp\/v2\/categories?post=4635"},{"taxonomy":"post_tag","embeddable":true,"href":"https:\/\/tvc16.com\/portal\/wp-json\/wp\/v2\/tags?post=4635"}],"curies":[{"name":"wp","href":"https:\/\/api.w.org\/{rel}","templated":true}]}}