{"id":4647,"date":"2020-11-02T02:19:06","date_gmt":"2020-11-02T02:19:06","guid":{"rendered":"https:\/\/tvc16.com\/portal\/?p=4647"},"modified":"2020-11-02T02:19:06","modified_gmt":"2020-11-02T02:19:06","slug":"ao-paulo-goleia-flamengo-no-maracana","status":"publish","type":"post","link":"https:\/\/tvc16.com\/portal\/2020\/11\/02\/ao-paulo-goleia-flamengo-no-maracana\/","title":{"rendered":"\u00e3o Paulo goleia Flamengo no Maracan\u00e3"},"content":{"rendered":"\n<h3 class=\"wp-block-heading\">Goleiro Tricolor brilha na vit\u00f3ria sobre Rubro-negro<\/h3>\n\n\n\n<h4 class=\"wp-block-heading\">Por Rodrigo Ricardo, Rep\u00f3rter da R\u00e1dio Nacional &#8211; Ag\u00eancia Brasil \u2013 Rio de Janeiro<\/h4>\n\n\n\n<p>Mesmo o mais fan\u00e1tico torcedor s\u00e3o paulino, n\u00e3o poderia imaginar a goleada de 4 a1 aplicada pelo Tricolor paulista, dentro do Maracan\u00e3, sobre o Flamengo neste&nbsp;domingo&nbsp;(1) de Todos os Santos. Com tr\u00eas jogos a menos e 30 pontos conquistados, os comandados do treinador Fernando Diniz ainda podem sonhar com o t\u00edtulo do primeiro turno do Campeonato Brasileiro. O S\u00e3o Paulo volta a campo pela competi\u00e7\u00e3o, no pr\u00f3ximo&nbsp;s\u00e1bado&nbsp;(7), contra o Goi\u00e1s no Morumbi, mas antes tem compromisso na&nbsp;quarta&nbsp;(4) contra o Lan\u00fas (Argentina) pela Copa Sul-Americana. Os rubro-negros seguem estacionados com 35 pontos na vice-lideran\u00e7a e enfrentam o Athl\u00e9tico-PR pela Copa do Brasil no meio da semana e depois o Atl\u00e9tico-MG pelo Brasileir\u00e3o.<img decoding=\"async\" src=\"https:\/\/agenciabrasil.ebc.com.br\/ebc.png?id=1392033&amp;o=node\"><img decoding=\"async\" src=\"https:\/\/agenciabrasil.ebc.com.br\/ebc.gif?id=1392033&amp;o=node\"><\/p>\n\n\n\n<figure class=\"wp-block-image\"><img decoding=\"async\" src=\"https:\/\/imagens.ebc.com.br\/MllLsve7RvarwkZeDmx_OcIvce8=\/754x0\/smart\/https:\/\/agenciabrasil.ebc.com.br\/sites\/default\/files\/thumbnails\/image\/fla_sp.jpg?itok=k-u4J_Ml\" alt=\"Flamengo \u00e9 goleado pelo S\u00e3o Paulo em pleno Maracan\u00e3\" title=\"Alexandre Vidal \/ Flamengo\"\/><\/figure>\n\n\n\n<p>Flamengo \u00e9 goleado pelo S\u00e3o Paulo em pleno Maracan\u00e3 &#8211;&nbsp;<strong>Alexandre Vidal \/ Flamengo<\/strong><\/p>\n\n\n\n<p>Apesar do el\u00e1stico placar, o roteiro da partida poderia&nbsp;ter&nbsp;rumo diferente, caso Bruno Henrique e Pedro tivessem convertido as penalidades a favor dos rubro-negros. Nas duas ocasi\u00f5es, quem brilhou foi o goleiro Tiago Volpi. Os donos da casa sa\u00edram na frente do marcador, logo aos 5 minutos da primeira etapa com Pedro. O S\u00e3o Paulo reagiu com belo gol de Tch\u00ea Tch\u00ea aos 17. A virada aconteceria com Brenner aos 45.<\/p>\n\n\n\n<figure class=\"wp-block-image\"><img decoding=\"async\" src=\"https:\/\/imagens.ebc.com.br\/7XjZwK521FvrS4lNNNTGSxDi9oI=\/754x0\/smart\/https:\/\/agenciabrasil.ebc.com.br\/sites\/default\/files\/thumbnails\/image\/volpi_defesa.jpg?itok=jsL4bXaE\" alt=\"Volpi foi o grande destaque da partida.\" title=\"Twitter S\u00e3o Paulo FC\/Rubens Chiri e Paulo Pinto\"\/><\/figure>\n\n\n\n<p>Volpi foi o grande destaque da partida. &#8211;&nbsp;<strong>Twitter S\u00e3o Paulo FC\/Rubens Chiri e Paulo Pinto<\/strong><\/p>\n\n\n\n<p>No segundo tempo, o Tricolor Paulista ampliaria com Reinaldo de p\u00eanalti aos 14 e Luciano, ap\u00f3s lan\u00e7amento de Volpi, selaria a goleada aos 36.<\/p>\n\n\n\n<p>\u201dFoi uma partida at\u00edpica. Aconteceu, \u00e9 doloroso, mas temos que focar agora no mata-mata\u201d, justificou o treinador do Flamengo, Domen\u00e9c Torrent, em coletiva logo ap\u00f3s o resultado.<\/p>\n\n\n\n<p>J\u00e1 o t\u00e9cnico Fernando Diniz agradeceu aos jogadores e j\u00e1 projeta a partida contra os argentinos no meio de semana.&nbsp;&#8220;Acho que \u00e9 um presente pra torcida do S\u00e3o Paulo. Saber desfrutar um pouco dessa vit\u00f3ria e se concetrar na quarta-feira, que temos decis\u00e3o pela frente.&#8221;<br><br><a href=\"https:\/\/agenciabrasil.ebc.com.br\/esportes\/tabelas\/brasileiro-serie-a.html\">Confira a classifica\u00e7\u00e3o do Campeonato Brasileiro da S\u00e9rie A<\/a>.<\/p>\n\n\n\n<p>Edi\u00e7\u00e3o: Carol Jardim<\/p>\n","protected":false},"excerpt":{"rendered":"<p>Goleiro Tricolor brilha na vit\u00f3ria sobre Rubro-negro Por Rodrigo Ricardo, Rep\u00f3rter da R\u00e1dio Nacional &#8211;<\/p>\n","protected":false},"author":2,"featured_media":4648,"comment_status":"open","ping_status":"open","sticky":false,"template":"","format":"standard","meta":{"footnotes":""},"categories":[20],"tags":[],"class_list":["post-4647","post","type-post","status-publish","format-standard","has-post-thumbnail","hentry","category-esporte"],"_links":{"self":[{"href":"https:\/\/tvc16.com\/portal\/wp-json\/wp\/v2\/posts\/4647","targetHints":{"allow":["GET"]}}],"collection":[{"href":"https:\/\/tvc16.com\/portal\/wp-json\/wp\/v2\/posts"}],"about":[{"href":"https:\/\/tvc16.com\/portal\/wp-json\/wp\/v2\/types\/post"}],"author":[{"embeddable":true,"href":"https:\/\/tvc16.com\/portal\/wp-json\/wp\/v2\/users\/2"}],"replies":[{"embeddable":true,"href":"https:\/\/tvc16.com\/portal\/wp-json\/wp\/v2\/comments?post=4647"}],"version-history":[{"count":1,"href":"https:\/\/tvc16.com\/portal\/wp-json\/wp\/v2\/posts\/4647\/revisions"}],"predecessor-version":[{"id":4649,"href":"https:\/\/tvc16.com\/portal\/wp-json\/wp\/v2\/posts\/4647\/revisions\/4649"}],"wp:featuredmedia":[{"embeddable":true,"href":"https:\/\/tvc16.com\/portal\/wp-json\/wp\/v2\/media\/4648"}],"wp:attachment":[{"href":"https:\/\/tvc16.com\/portal\/wp-json\/wp\/v2\/media?parent=4647"}],"wp:term":[{"taxonomy":"category","embeddable":true,"href":"https:\/\/tvc16.com\/portal\/wp-json\/wp\/v2\/categories?post=4647"},{"taxonomy":"post_tag","embeddable":true,"href":"https:\/\/tvc16.com\/portal\/wp-json\/wp\/v2\/tags?post=4647"}],"curies":[{"name":"wp","href":"https:\/\/api.w.org\/{rel}","templated":true}]}}