{"id":4654,"date":"2020-11-02T13:35:24","date_gmt":"2020-11-02T13:35:24","guid":{"rendered":"https:\/\/tvc16.com\/portal\/?p=4654"},"modified":"2020-11-02T13:35:24","modified_gmt":"2020-11-02T13:35:24","slug":"finados-missas-serao-realizadas-em-todas-as-paroquias-da-diocese-de-petropolis","status":"publish","type":"post","link":"https:\/\/tvc16.com\/portal\/2020\/11\/02\/finados-missas-serao-realizadas-em-todas-as-paroquias-da-diocese-de-petropolis\/","title":{"rendered":"Finados: missas ser\u00e3o realizadas em todas as par\u00f3quias da Diocese de Petr\u00f3polis"},"content":{"rendered":"\n<p>Hoje (02), Dia de Finados, haver\u00e1 missa em todas as par\u00f3quias da Diocese de Petr\u00f3polis. O bispo diocesano, Dom Greg\u00f3rio Paix\u00e3o, OSB, presidi a missa das 10h, na Igreja do Sagrado Cora\u00e7\u00e3o de Jesus em Petr\u00f3polis.<\/p>\n\n\n\n<p>Em todas as igrejas onde haver\u00e1 missa, ser\u00e1 respeitado o n\u00famero de participa\u00e7\u00e3o e todas as medidas de seguran\u00e7a sanit\u00e1ria foram tomadas, atendendo as determina\u00e7\u00f5es das autoridades de sa\u00fade.<\/p>\n\n\n\n<p>Pela primeira vez, n\u00e3o haver\u00e1 missa na capela do Cemit\u00e9rio Municipal de Petr\u00f3polis. A decis\u00e3o foi tomada para evitar aglomera\u00e7\u00e3o devido a pandemia causada pelo Covid-19.<\/p>\n","protected":false},"excerpt":{"rendered":"<p>Hoje (02), Dia de Finados, haver\u00e1 missa em todas as par\u00f3quias da Diocese de Petr\u00f3polis.<\/p>\n","protected":false},"author":2,"featured_media":4655,"comment_status":"open","ping_status":"open","sticky":false,"template":"","format":"standard","meta":{"footnotes":""},"categories":[12],"tags":[],"class_list":["post-4654","post","type-post","status-publish","format-standard","has-post-thumbnail","hentry","category-cidade"],"_links":{"self":[{"href":"https:\/\/tvc16.com\/portal\/wp-json\/wp\/v2\/posts\/4654","targetHints":{"allow":["GET"]}}],"collection":[{"href":"https:\/\/tvc16.com\/portal\/wp-json\/wp\/v2\/posts"}],"about":[{"href":"https:\/\/tvc16.com\/portal\/wp-json\/wp\/v2\/types\/post"}],"author":[{"embeddable":true,"href":"https:\/\/tvc16.com\/portal\/wp-json\/wp\/v2\/users\/2"}],"replies":[{"embeddable":true,"href":"https:\/\/tvc16.com\/portal\/wp-json\/wp\/v2\/comments?post=4654"}],"version-history":[{"count":1,"href":"https:\/\/tvc16.com\/portal\/wp-json\/wp\/v2\/posts\/4654\/revisions"}],"predecessor-version":[{"id":4656,"href":"https:\/\/tvc16.com\/portal\/wp-json\/wp\/v2\/posts\/4654\/revisions\/4656"}],"wp:featuredmedia":[{"embeddable":true,"href":"https:\/\/tvc16.com\/portal\/wp-json\/wp\/v2\/media\/4655"}],"wp:attachment":[{"href":"https:\/\/tvc16.com\/portal\/wp-json\/wp\/v2\/media?parent=4654"}],"wp:term":[{"taxonomy":"category","embeddable":true,"href":"https:\/\/tvc16.com\/portal\/wp-json\/wp\/v2\/categories?post=4654"},{"taxonomy":"post_tag","embeddable":true,"href":"https:\/\/tvc16.com\/portal\/wp-json\/wp\/v2\/tags?post=4654"}],"curies":[{"name":"wp","href":"https:\/\/api.w.org\/{rel}","templated":true}]}}