{"id":4662,"date":"2020-11-02T15:07:34","date_gmt":"2020-11-02T15:07:34","guid":{"rendered":"https:\/\/tvc16.com\/portal\/?p=4662"},"modified":"2020-11-02T15:07:34","modified_gmt":"2020-11-02T15:07:34","slug":"rede-hoteleira-registra-90-de-ocupacao-no-feriado-prolongado","status":"publish","type":"post","link":"https:\/\/tvc16.com\/portal\/2020\/11\/02\/rede-hoteleira-registra-90-de-ocupacao-no-feriado-prolongado\/","title":{"rendered":"Rede hoteleira registra 90% de ocupa\u00e7\u00e3o no feriado prolongado"},"content":{"rendered":"\n<p>O feriado prolongado em decorr\u00eancia do Dia de Finados atraiu centenas de turistas \u00e0 Petr\u00f3polis. Na \u00faltima sexta-feira (30) o grande movimento de visitantes j\u00e1 marcava presen\u00e7a na cidade. Nem mesmo os dias de chuva espantaram quem veio aproveitar o clima da serra. Hoje (02) com o sol predominando na maior parte dos bairros muita gente n\u00e3o perdeu a oportunidade de visitar alguns pontos tur\u00edsticos.<\/p>\n\n\n\n<p>As tradicionais fotos, como na Pra\u00e7a da \u00c1guia, por exemplo, foram feitas por quem circulou no Centro. Mas teve turista reclamando do Museu Imperial ainda estar fechado para visita\u00e7\u00e3o. J\u00e1 a dire\u00e7\u00e3o do pal\u00e1cio informou que ainda n\u00e3o retomou as atividades, devido a falta de EPIs para os funcion\u00e1rios \u2013 equipamentos de prote\u00e7\u00e3o contra a Covid-19.<\/p>\n","protected":false},"excerpt":{"rendered":"<p>O feriado prolongado em decorr\u00eancia do Dia de Finados atraiu centenas de turistas \u00e0 Petr\u00f3polis.<\/p>\n","protected":false},"author":2,"featured_media":4663,"comment_status":"open","ping_status":"open","sticky":false,"template":"","format":"standard","meta":{"footnotes":""},"categories":[12],"tags":[],"class_list":["post-4662","post","type-post","status-publish","format-standard","has-post-thumbnail","hentry","category-cidade"],"_links":{"self":[{"href":"https:\/\/tvc16.com\/portal\/wp-json\/wp\/v2\/posts\/4662","targetHints":{"allow":["GET"]}}],"collection":[{"href":"https:\/\/tvc16.com\/portal\/wp-json\/wp\/v2\/posts"}],"about":[{"href":"https:\/\/tvc16.com\/portal\/wp-json\/wp\/v2\/types\/post"}],"author":[{"embeddable":true,"href":"https:\/\/tvc16.com\/portal\/wp-json\/wp\/v2\/users\/2"}],"replies":[{"embeddable":true,"href":"https:\/\/tvc16.com\/portal\/wp-json\/wp\/v2\/comments?post=4662"}],"version-history":[{"count":1,"href":"https:\/\/tvc16.com\/portal\/wp-json\/wp\/v2\/posts\/4662\/revisions"}],"predecessor-version":[{"id":4664,"href":"https:\/\/tvc16.com\/portal\/wp-json\/wp\/v2\/posts\/4662\/revisions\/4664"}],"wp:featuredmedia":[{"embeddable":true,"href":"https:\/\/tvc16.com\/portal\/wp-json\/wp\/v2\/media\/4663"}],"wp:attachment":[{"href":"https:\/\/tvc16.com\/portal\/wp-json\/wp\/v2\/media?parent=4662"}],"wp:term":[{"taxonomy":"category","embeddable":true,"href":"https:\/\/tvc16.com\/portal\/wp-json\/wp\/v2\/categories?post=4662"},{"taxonomy":"post_tag","embeddable":true,"href":"https:\/\/tvc16.com\/portal\/wp-json\/wp\/v2\/tags?post=4662"}],"curies":[{"name":"wp","href":"https:\/\/api.w.org\/{rel}","templated":true}]}}