{"id":4665,"date":"2020-11-02T15:10:23","date_gmt":"2020-11-02T15:10:23","guid":{"rendered":"https:\/\/tvc16.com\/portal\/?p=4665"},"modified":"2020-11-02T15:10:23","modified_gmt":"2020-11-02T15:10:23","slug":"novembro-azul-um-alerta-para-o-homem-cuidar-da-saude","status":"publish","type":"post","link":"https:\/\/tvc16.com\/portal\/2020\/11\/02\/novembro-azul-um-alerta-para-o-homem-cuidar-da-saude\/","title":{"rendered":"Novembro azul: um alerta para o homem cuidar da sa\u00fade"},"content":{"rendered":"\n<p><em>M\u00e9dico oncologista do CTO, Julio Vieira de Melo, afirma que o c\u00e2ncer de pr\u00f3stata tem alto \u00edndice de cura se identificado em fase inicial<\/em><\/p>\n\n\n\n<p><br>A identifica\u00e7\u00e3o do c\u00e2ncer de pr\u00f3stata na fase inicial \u00e9 uma das grandes aliadas no combate \u00e0 doen\u00e7a. Dados do Instituto Nacional do C\u00e2ncer (Inca) estimam 65.840 novos casos de c\u00e2ncer de pr\u00f3stata em 2020. O movimento Novembro Azul ocorre durante todo o m\u00eas e tem o objetivo de conscientizar os homens sobre a import\u00e2ncia do diagn\u00f3stico precoce.<\/p>\n\n\n\n<p>De acordo com Julio Vieira, m\u00e9dico oncologista do Centro de Terapia Oncol\u00f3gica (CTO), para identificar a doen\u00e7a em fase inicial \u00e9 preciso que os homens estejam mais atentos \u00e0 sa\u00fade e busquem acompanhamento m\u00e9dico.<\/p>\n\n\n\n<p>O rastreamento inicial \u00e9 feito com o PSA, que \u00e9 dosado no sangue e com o toque retal. A partir disso, se houver alguma altera\u00e7\u00e3o, ele explica que podem ser solicitados exames de imagem, como a ultrassonografia e resson\u00e2ncia. Caso seja identificado o n\u00f3dulo, \u00e9 feito o pedido de bi\u00f3psia, realizado atrav\u00e9s da ultrassonografia transretal da pr\u00f3stata.<\/p>\n\n\n\n<p>\u201cA Sociedade Brasileira de Urologia (SBU) recomenda que os homens comecem a fazer esse rastreamento a partir dos 50 anos. Pacientes do grupo de risco, como afrodescendentes e pessoas com hist\u00f3rico familiar de c\u00e2ncer de pr\u00f3stata, devem fazer o exame a partir dos 45 anos. Por\u00e9m, h\u00e1 algumas orienta\u00e7\u00f5es no sentido de que o acompanhamento comece aos 45 anos para os homens, em geral; e aos 40, para pacientes de grupos de risco\u201d, explica.<\/p>\n\n\n\n<p>O oncologista reitera que este acompanhamento \u00e9 ainda mais importante porque o c\u00e2ncer de pr\u00f3stata, na maior parte dos casos, \u00e9 assintom\u00e1tico. Em algumas situa\u00e7\u00f5es, podem ocorrer sintomas como dificuldade para iniciar a mic\u00e7\u00e3o, esfor\u00e7o miccional, presen\u00e7a de sangue na ejacula\u00e7\u00e3o e na urina. Em casos mais avan\u00e7ados, os pacientes podem sentir dor \u00f3ssea por compress\u00e3o ou fratura patol\u00f3gica, ou seja, j\u00e1 podem estar presentes em casos de met\u00e1stase.<\/p>\n\n\n\n<p>\u201cNosso objetivo \u00e9 sempre rastrear a doen\u00e7a em fase inicial para aumentar as chances de cura, principalmente se o c\u00e2ncer estiver restrito \u00e0 pr\u00f3stata. Nestas situa\u00e7\u00f5es, os tratamentos podem envolver cirurgia, bloqueio hormonal e radioterapia. Em casos mais avan\u00e7ados, os m\u00e9dicos podem sugerir uso de bloqueadores hormonais combinados e quimioterapia. Al\u00e9m disso, existem novos tratamentos, como o r\u00e1dio-223, que \u00e9 feito atrav\u00e9s de aplica\u00e7\u00e3o venosa para pacientes com met\u00e1stase \u00f3ssea exclusiva\u201d, diz, acrescentando que o tratamento contra o c\u00e2ncer de pr\u00f3stata depende do est\u00e1gio da doen\u00e7a, da agressividade do c\u00e2ncer, da idade e da condi\u00e7\u00e3o cl\u00ednica do paciente.<\/p>\n\n\n\n<p>Sobre o movimento Novembro Azul, o m\u00e9dico disse que \u00e9 fundamental, pois refor\u00e7a a necessidade de os homens procurarem o urologista nas idades adequadas. \u201cA campanha visa conscientizar o homem para que ele fique mais atento \u00e0 sua sa\u00fade. Por se cuidarem menos, eles t\u00eam expectativa de vida menor que as mulheres. As mulheres est\u00e3o acostumadas a serem avaliadas pelo ginecologista desde o in\u00edcio da sua vida menstrual e da atividade sexual. J\u00e1 o homem acaba tendo muito pudor, muita vergonha de procurar o m\u00e9dico, pode se sentir fr\u00e1gil, vulner\u00e1vel, muitas vezes t\u00eam vergonha do toque retal\u201d, afirmou o oncologista.<\/p>\n\n\n\n<p>O m\u00e9dico destaca que a campanha traz \u00e0 tona o fato de que os homens tamb\u00e9m ficam doentes, mas tamb\u00e9m t\u00eam possibilidade de viver mais e melhor. \u201c\u00c9 importante que eles tenham essa consci\u00eancia de que vale a pena rastrear e detectar a doen\u00e7a em uma fase bem inicial\u201d, frisa.<\/p>\n","protected":false},"excerpt":{"rendered":"<p>M\u00e9dico oncologista do CTO, Julio Vieira de Melo, afirma que o c\u00e2ncer de pr\u00f3stata tem<\/p>\n","protected":false},"author":2,"featured_media":4666,"comment_status":"open","ping_status":"open","sticky":false,"template":"","format":"standard","meta":{"footnotes":""},"categories":[12],"tags":[],"class_list":["post-4665","post","type-post","status-publish","format-standard","has-post-thumbnail","hentry","category-cidade"],"_links":{"self":[{"href":"https:\/\/tvc16.com\/portal\/wp-json\/wp\/v2\/posts\/4665","targetHints":{"allow":["GET"]}}],"collection":[{"href":"https:\/\/tvc16.com\/portal\/wp-json\/wp\/v2\/posts"}],"about":[{"href":"https:\/\/tvc16.com\/portal\/wp-json\/wp\/v2\/types\/post"}],"author":[{"embeddable":true,"href":"https:\/\/tvc16.com\/portal\/wp-json\/wp\/v2\/users\/2"}],"replies":[{"embeddable":true,"href":"https:\/\/tvc16.com\/portal\/wp-json\/wp\/v2\/comments?post=4665"}],"version-history":[{"count":1,"href":"https:\/\/tvc16.com\/portal\/wp-json\/wp\/v2\/posts\/4665\/revisions"}],"predecessor-version":[{"id":4667,"href":"https:\/\/tvc16.com\/portal\/wp-json\/wp\/v2\/posts\/4665\/revisions\/4667"}],"wp:featuredmedia":[{"embeddable":true,"href":"https:\/\/tvc16.com\/portal\/wp-json\/wp\/v2\/media\/4666"}],"wp:attachment":[{"href":"https:\/\/tvc16.com\/portal\/wp-json\/wp\/v2\/media?parent=4665"}],"wp:term":[{"taxonomy":"category","embeddable":true,"href":"https:\/\/tvc16.com\/portal\/wp-json\/wp\/v2\/categories?post=4665"},{"taxonomy":"post_tag","embeddable":true,"href":"https:\/\/tvc16.com\/portal\/wp-json\/wp\/v2\/tags?post=4665"}],"curies":[{"name":"wp","href":"https:\/\/api.w.org\/{rel}","templated":true}]}}