{"id":4668,"date":"2020-11-02T15:26:34","date_gmt":"2020-11-02T15:26:34","guid":{"rendered":"https:\/\/tvc16.com\/portal\/?p=4668"},"modified":"2020-11-02T15:26:34","modified_gmt":"2020-11-02T15:26:34","slug":"dia-de-finados-de-onde-surgiu-a-tradicao-que-se-espalhou-pelo-mundo","status":"publish","type":"post","link":"https:\/\/tvc16.com\/portal\/2020\/11\/02\/dia-de-finados-de-onde-surgiu-a-tradicao-que-se-espalhou-pelo-mundo\/","title":{"rendered":"Dia de Finados: de onde surgiu a tradi\u00e7\u00e3o que se espalhou pelo mundo"},"content":{"rendered":"\n<p>Para v\u00e1rios brasileiros a data \u00e9 marcada pelo luto e introspec\u00e7\u00e3o em sinal de respeito aos amigos e familiares mortos<\/p>\n\n\n\n<p>Para v\u00e1rios brasileiros o Dia de Finados, 2 de novembro, \u00e9 marcado pelo luto e introspec\u00e7\u00e3o em sinal de respeito aos amigos e familiares mortos. A data \u00e9 feriado nacional e muitos aproveitam para visitar os entes queridos em cemit\u00e9rios.&nbsp;<\/p>\n\n\n\n<p>O professor de ci\u00eancia da religi\u00e3o na Universidade Federal de Juiz de Fora, Volney Berkenbrock, conta que&nbsp;esta \u00e9 uma tradi\u00e7\u00e3o vinda do Cristianismo. \u201cNa Igreja Cat\u00f3lica o dia 1\u00ba de novembro \u00e9 comemorado o Dia de Todos os Santos, quando se reza por aqueles que morreram em estado de gra\u00e7a, com os pecados perdoados. O dia seguinte foi considerado o mais apropriado para fazer ora\u00e7\u00f5es por todos os demais falecidos, que precisam de ajuda para serem aceitos no c\u00e9u. \u00c9 por isso que no dia 2 de novembro se celebra o dia de Finados.\u201d<\/p>\n\n\n\n<p>H\u00e1 pa\u00edses, como no Brasil, que o dia 2 de novembro \u00e9 mais importante do que 1\u00ba de novembro, Dia de Todos os Santos. Mas h\u00e1 outros pa\u00edses onde a festa de 1\u00ba de novembro \u00e9 mais importante e mais festejada do que 2 de novembro, todos os mortos.<\/p>\n\n\n\n<p>Os primeiros registros de ora\u00e7\u00f5es pelos crist\u00e3os falecidos datam do s\u00e9culo I, quando era costume visitar t\u00famulos de m\u00e1rtires. No ano 732, o papa Greg\u00f3rio III autorizou os padres a realizarem missas em mem\u00f3ria dos falecidos. No s\u00e9culo 10, a abadia de Cluny, em Paris, estabeleceu uma data fixa para essa cerim\u00f4nia. N\u00e3o demorou para o 2 de novembro ser adotado em toda a Europa. A partir do s\u00e9culo 15, o feriado se espalhou pelo mundo. Em alguns lugares, o costume foi fundido \u00e0 cultura local.<\/p>\n\n\n\n<figure class=\"wp-block-image\"><img decoding=\"async\" src=\"\/\/s3-sa-east-1.amazonaws.com\/agencia-radio-arb\/3067\/content_2-de-novembro.png\" alt=\"\"\/><\/figure>\n\n\n\n<p>No M\u00e9xico, por exemplo, todo ano \u00e9 realizado o festival do Dia dos Mortos, que une a celebra\u00e7\u00e3o cat\u00f3lica a antigos rituais astecas e ind\u00edgenas. O ritual \u00e9 marcado por festividades em cemit\u00e9rios e prociss\u00e3o pelas cidades, as pessoas costumam vestir roupas coloridas e decorar t\u00famulos com flores, velas, tequilas e imagens de santos. A tradi\u00e7\u00e3o se espalhou por comunidades latinas.<\/p>\n\n\n\n<p>Nos Estados Unidos a celebra\u00e7\u00e3o de dia dos mortos ocorre no dia 31 de outubro no Halloween, tamb\u00e9m conhecido como Dia das Bruxas. Assim como no m\u00e9xico a data tamb\u00e9m \u00e9 marcada por festividades, ab\u00f3boras decoradas, fantasias, esqueletos e fantasmas. O termo foi originado de All Hallows\u2019 Eve, que em portugu\u00eas quer dizer \u201cv\u00e9spera do dia de Todos os Santos\u201d. Segundo o professor de ci\u00eancia da religi\u00e3o, isso demonstra a rela\u00e7\u00e3o indireta com a celebra\u00e7\u00e3o brasileira.<\/p>\n\n\n\n<p>Berkenbrock avaliou a impress\u00e3o de que no Brasil a data \u00e9 mais celebrada nas cidades do interior do que nas capitais. Segundo ele, isto tem a ver com a proximidade da morte, uma tend\u00eancia que mudou na virada do s\u00e9culo XIX para o s\u00e9culo XX com a urbaniza\u00e7\u00e3o e um movimento higienista.&nbsp;<\/p>\n\n\n\n<p>\u201cEm muitas cidades no interior at\u00e9 hoje os vel\u00f3rios ainda s\u00e3o feitos nas casas e \u00e9 uma tarefa da fam\u00edlia cuidar de todo o sepultamento. Nas cidades maiores h\u00e1 um distanciamento muito grande, quem cuida s\u00e3o as funer\u00e1rias e a fam\u00edlia n\u00e3o tem&nbsp;mais uma rela\u00e7\u00e3o com a morte e com os mortos\u201d, destacou.<\/p>\n\n\n\n<p>Os costumes tamb\u00e9m s\u00e3o diferentes em determinados munic\u00edpios do Pa\u00eds. Em Salin\u00f3polis, no Par\u00e1, por exemplo, ao contr\u00e1rio de grande parte das cidades brasileiras em que a homenagem \u00e0 mem\u00f3ria dos mortos ocorre no per\u00edodo diurno, l\u00e1 ocorrem durante a noite, mais precisamente entre \u00e0s 18h e 00h. O ritual de Ilumina\u00e7\u00e3o dos Mortos consiste em uma pr\u00e1tica de acendimento de velas e proferimento de preces, em favor de queridos entes falecidos&nbsp;em momento de confraterniza\u00e7\u00e3o.<\/p>\n\n\n\n<p>Este ano, devido a pandemia da Covid-19, a tradicional visita\u00e7\u00e3o aos cemit\u00e9rios e os cultos devem ser diferentes, respeitando os protocolos de<br>combate ao v\u00edrus com o uso obrigat\u00f3rio de m\u00e1scaras e o distanciamento social. Em alguns munic\u00edpios a visita\u00e7\u00e3o chegou a ser suspensa via Decreto<br>Municipal, em cumprimento \u00e0s medidas de seguran\u00e7a e preven\u00e7\u00e3o.<\/p>\n\n\n\n<p>Diante da impossibilidade de se reunir fisicamente e no tempo tamb\u00e9m em que atrav\u00e9s das queimadas o meio ambiente vem se mostrando cada vez mais agredido, o secret\u00e1rio-geral da Confedera\u00e7\u00e3o Nacional dos Bispos do Brasil (CNBB), Dom Joel Portella, apresentou uma alternativa aos fi\u00e9is para homenagear as vidas perdidas junto a ora\u00e7\u00e3o, sem perder a tradi\u00e7\u00e3o.<\/p>\n\n\n\n<p>\u201cUma muda de \u00e1rvore, \u00e1rvore nativa, \u00e1rvore da sua regi\u00e3o, se poss\u00edvel&nbsp;uma \u00e1rvore aliment\u00edcia. Plante uma \u00e1rvore. Esse \u00e9 um convite feito a todos n\u00f3s no tempo em que a aglomera\u00e7\u00e3o, o estar fisicamente juntos, compartilhando o abra\u00e7o, compartilhando a saudade, nada disso \u00e9 poss\u00edvel ainda\u201d, disse. Foram planejadas tamb\u00e9m celebra\u00e7\u00f5es religiosas com transmiss\u00e3o online para evitar a aglomera\u00e7\u00e3o dos fi\u00e9is.<\/p>\n\n\n\n<p>Fonte: <a href=\"https:\/\/brasil61.com\/noticias\/dia-de-finados-de-onde-surgiu-a-tradicao-que-se-espalhou-pelo-mundo-bras202406?email=bethdeoliveira@yahoo.com.br&amp;utm_source=newsletter&amp;utm_medium=newsletter&amp;utm_campaign=newsletter\" target=\"_blank\" rel=\"noreferrer noopener\">Brasil 61<\/a><\/p>\n","protected":false},"excerpt":{"rendered":"<p>Para v\u00e1rios brasileiros a data \u00e9 marcada pelo luto e introspec\u00e7\u00e3o em sinal de respeito<\/p>\n","protected":false},"author":2,"featured_media":4669,"comment_status":"open","ping_status":"open","sticky":false,"template":"","format":"standard","meta":{"footnotes":""},"categories":[14],"tags":[],"class_list":["post-4668","post","type-post","status-publish","format-standard","has-post-thumbnail","hentry","category-pais"],"_links":{"self":[{"href":"https:\/\/tvc16.com\/portal\/wp-json\/wp\/v2\/posts\/4668","targetHints":{"allow":["GET"]}}],"collection":[{"href":"https:\/\/tvc16.com\/portal\/wp-json\/wp\/v2\/posts"}],"about":[{"href":"https:\/\/tvc16.com\/portal\/wp-json\/wp\/v2\/types\/post"}],"author":[{"embeddable":true,"href":"https:\/\/tvc16.com\/portal\/wp-json\/wp\/v2\/users\/2"}],"replies":[{"embeddable":true,"href":"https:\/\/tvc16.com\/portal\/wp-json\/wp\/v2\/comments?post=4668"}],"version-history":[{"count":1,"href":"https:\/\/tvc16.com\/portal\/wp-json\/wp\/v2\/posts\/4668\/revisions"}],"predecessor-version":[{"id":4670,"href":"https:\/\/tvc16.com\/portal\/wp-json\/wp\/v2\/posts\/4668\/revisions\/4670"}],"wp:featuredmedia":[{"embeddable":true,"href":"https:\/\/tvc16.com\/portal\/wp-json\/wp\/v2\/media\/4669"}],"wp:attachment":[{"href":"https:\/\/tvc16.com\/portal\/wp-json\/wp\/v2\/media?parent=4668"}],"wp:term":[{"taxonomy":"category","embeddable":true,"href":"https:\/\/tvc16.com\/portal\/wp-json\/wp\/v2\/categories?post=4668"},{"taxonomy":"post_tag","embeddable":true,"href":"https:\/\/tvc16.com\/portal\/wp-json\/wp\/v2\/tags?post=4668"}],"curies":[{"name":"wp","href":"https:\/\/api.w.org\/{rel}","templated":true}]}}