{"id":4674,"date":"2020-11-02T15:30:52","date_gmt":"2020-11-02T15:30:52","guid":{"rendered":"https:\/\/tvc16.com\/portal\/?p=4674"},"modified":"2020-11-02T15:30:52","modified_gmt":"2020-11-02T15:30:52","slug":"programa-mobilizacao-pelo-emprego-e-competitividade-estimula-pequenos-empreendimentos-na-retomada-economica","status":"publish","type":"post","link":"https:\/\/tvc16.com\/portal\/2020\/11\/02\/programa-mobilizacao-pelo-emprego-e-competitividade-estimula-pequenos-empreendimentos-na-retomada-economica\/","title":{"rendered":"Programa Mobiliza\u00e7\u00e3o pelo Emprego e Competitividade estimula pequenos empreendimentos na retomada econ\u00f4mica"},"content":{"rendered":"\n<p>A iniciativa \u00e9 dividida em planos macros, nos quais h\u00e1 a presen\u00e7a de a\u00e7\u00f5es mais espec\u00edficas que atendem de acordo com a necessidade de cada localidade e empreendimento<\/p>\n\n\n\n<p>O empres\u00e1rio Fausto Rossi tem 30 anos e \u00e9 s\u00f3cio da empresa <a href=\"https:\/\/widesys.com.br\/sobre\/?utm_term=&amp;utm_campaign=Search&amp;utm_source=adwords&amp;utm_medium=ppc&amp;hsa_acc=5119014326&amp;hsa_cam=8790966190&amp;hsa_grp=89364026395&amp;hsa_ad=410506965505&amp;hsa_src=g&amp;hsa_tgt=dsa-825454037240&amp;hsa_kw=&amp;hsa_mt=b&amp;hsa_net=adwords&amp;hsa_ver=3&amp;gclid=CjwKCAjw8-78BRA0EiwAFUw8LPDQaUlwlbgrYHxTPMH7ZibyDKVHIiST7ZJH0AlGYFJeO0CkmwVxbxoCDMEQAvD_BwE\">Widesys<\/a> \u2013 Softwares para imobili\u00e1rias e corretores de im\u00f3veis, na cidade de Pato Branco (PR). Ele conta que, aos poucos, o neg\u00f3cio foi ganhando corpo \u00e0 medida que foram sendo agregados recursos de website para publicar an\u00fancios na internet e integr\u00e1-los com redes sociais, al\u00e9m dos principais portais imobili\u00e1rios do pa\u00eds.<br>&nbsp;<br>Enquanto muitos empreendimentos tiveram que fechar as portas por causa das medidas de seguran\u00e7a exigidas em virtude da pandemia, Fausto Rossi afirma que, para ele, houve resultado positivo, com um aumento de 170% nas vendas, na compara\u00e7\u00e3o com o mesmo per\u00edodo de 2019.<\/p>\n\n\n\n<p>\u201cIsso deve-se, por exemplo, \u00e0s imobili\u00e1rias que abriram os olhos para a tecnologia, buscando enfrentar esse momento &#8220;desconectado&#8221; mas sem perder a conex\u00e3o com seus clientes. Outro exemplo s\u00e3o as imobili\u00e1rias que j\u00e1 possu\u00edam um sistema de gest\u00e3o, mas que na busca de reduzir seus custos acabaram buscando solu\u00e7\u00f5es que atendessem \u00e0s necessidades com um valor mais acess\u00edvel, como as nossas solu\u00e7\u00f5es\u201d, destaca o empres\u00e1rio.<br>&nbsp;<br>\u201cSempre estivemos envolvidos com os programas do Sebrae e atualmente estamos participando do programa Tech by Sebrae, do <a href=\"https:\/\/www.sebraepr.com.br\/\">Sebrae\/PR<\/a>. J\u00e1 passamos por todas as a\u00e7\u00f5es da linha de startups at\u00e9 chegar ao Tech by Sebrae, o que contribuiu muito para que estiv\u00e9ssemos melhor preparados na chegada da pandemia\u201d, justifica Fausto Rossi.<\/p>\n\n\n\n<p><img decoding=\"async\" alt=\"\" src=\"\/\/s3-sa-east-1.amazonaws.com\/agencia-radio-arb\/3080\/content_WhatsApp_Image_2020-10-22_at_16.44.00.jpeg\"><br>&nbsp;<br>Assim como Rossi, outros empreendedores brasileiros conseguiram driblar a crise por meio da aquisi\u00e7\u00e3o de novos conhecimentos e amplia\u00e7\u00e3o do desenvolvimento da empresa. Nesse sentido, uma iniciativa do Minist\u00e9rio da Economia visa justamente proporcionar a dissemina\u00e7\u00e3o de programas para remover obst\u00e1culos que atingem a produtividade e a competitividade. Trata-se do <a href=\"https:\/\/www.sebrae.com.br\/sites\/PortalSebrae\/ufs\/mg\/sebraeaz\/programa-mobilizacao-pelo-emprego-e-produtividade,214290451c38a610VgnVCM1000004c00210aRCRD\">Mobiliza\u00e7\u00e3o pelo Emprego e Produtividade<\/a>.<br>&nbsp;<br>O programa \u00e9 dividido em planos macros, nos quais h\u00e1 a presen\u00e7a de a\u00e7\u00f5es mais espec\u00edficas que atendem de acordo com a necessidade de cada localidade e empreendimento. No geral, o intuito \u00e9 mobilizar governos locais e representantes do setor produtivo na dire\u00e7\u00e3o de aprovar pol\u00edticas p\u00fablicas que possam simplificar a vida de quem produz e gerar mais emprego e renda.<\/p>\n\n\n\n<p><img decoding=\"async\" alt=\"\" src=\"\/\/s3-sa-east-1.amazonaws.com\/agencia-radio-arb\/3079\/content_mobilizacao-emprego.png\"><br>&nbsp;<br>A meta \u00e9 que a iniciativa seja instalada em todas as Unidades da Federa\u00e7\u00e3o, com o apoio de governos estaduais e do Sebrae. A \u201ccaravana\u201d de instala\u00e7\u00e3o do programa j\u00e1 passou, por exemplo, por estados como Cear\u00e1, Minas Gerais, Santa Catarina, Paran\u00e1, Bahia, Mato Grosso, Pernambuco e S\u00e3o Paulo.<\/p>\n\n\n\n<h2 class=\"wp-block-heading\">Encadeamento Produtivo<\/h2>\n\n\n\n<p>Uma das contribui\u00e7\u00f5es do Sebrae dentro do Mobiliza\u00e7\u00e3o pelo Emprego e Produtividade foi a implementa\u00e7\u00e3o da estrat\u00e9gia de <a href=\"https:\/\/www.sebrae.com.br\/sites\/PortalSebrae\/Programas\/programa-nacional-de-encadeamento-produtivo,b9ee6c566dca5410VgnVCM1000003b74010aRCRD#:~:text=O%20projeto%20de%20encadeamento%20produtivo,prazo%2C%20sustent%C3%A1veis%20e%20mutuamente%20atraentes.\">Encadeamento Produtivo<\/a>. A ideia \u00e9 promover a inser\u00e7\u00e3o competitiva e a melhoria do desempenho dos empreendimentos de pequeno porte, sejam fornecedores, desenvolvedores, startups e empresas de base tecnol\u00f3gica.<\/p>\n\n\n\n<p>Marcelo Marinho, de 47 anos, \u00e9 morador de Aracaju (SE) e propriet\u00e1rio da empresa CPF Parafusos, que fabrica e comercializa esse tipo de pe\u00e7a. Atualmente, a empresa conta com oito funcion\u00e1rios. Marcelo explica que teve que fechar as portas por um tempo e, na reabertura, enfrentou dificuldades para encontrar mat\u00e9ria-prima e at\u00e9 mesmo produtos.<br>&nbsp;<br>No entanto, a esperan\u00e7a de uma retomada segura para Marcelo tamb\u00e9m est\u00e1 atribu\u00edda a programas ofertados pelo Sebrae, como o Encadeamento Produtivo, que est\u00e1 entre os quais ele j\u00e1 aderiu para fortalecer as estrat\u00e9gias da <a href=\"http:\/\/cpfparafuso.com.br\/empresa.htm\">CPF Parafusos<\/a>.<br>&nbsp;<br>\u201cO Sebrae nos ajuda desde o come\u00e7o da nossa empresa, em 1996. Nem voc\u00ea acredita no seu potencial, mas eles acreditam. Muitas vezes d\u00e1 vontade de desistir, mas eles v\u00e3o contra o desest\u00edmulo. N\u00f3s participamos bastante de projetos deles e sempre foi ben\u00e9fico para todos\u201d, avalia Marinho.<\/p>\n\n\n\n<figure class=\"wp-block-embed-youtube wp-block-embed is-type-rich is-provider-incorporar-manipulador wp-embed-aspect-16-9 wp-has-aspect-ratio\"><div class=\"wp-block-embed__wrapper\">\n<iframe loading=\"lazy\" title=\"Programa Mobiliza\u00e7\u00e3o pelo Emprego e Competitividade estimula pequenos empreendimentos.\" width=\"640\" height=\"360\" src=\"https:\/\/www.youtube.com\/embed\/5YB7aV-Aob8?feature=oembed\" frameborder=\"0\" allow=\"accelerometer; autoplay; clipboard-write; encrypted-media; gyroscope; picture-in-picture; web-share\" referrerpolicy=\"strict-origin-when-cross-origin\" allowfullscreen><\/iframe>\n<\/div><\/figure>\n\n\n\n<p>O prop\u00f3sito do programa \u00e9, de um lado, identificar a demanda tecnol\u00f3gica e de gest\u00e3o do mercado, de outro, a oferta das pequenas empresas junto \u00e0s m\u00e9dias e grandes empresas. Ap\u00f3s essa fase, o Sebrae e institui\u00e7\u00f5es parceiras d\u00e3o in\u00edcio \u00e0s a\u00e7\u00f5es que preparam as pequenas empresas para atenderem aos requisitos demandados pelo mercado e aproximam demandantes e ofertantes.<br>&nbsp;<br>Com esse alinhamento, \u00e9 poss\u00edvel favorecer o comprometimento e o aumento da confian\u00e7a nas rela\u00e7\u00f5es, al\u00e9m de fazer com que m\u00e9dias, grandes empresas e pequenos neg\u00f3cios compartilhem resultados a serem alcan\u00e7ados de forma conjunta, no m\u00e9dio e longo prazo.<br>&nbsp;<br>Na avalia\u00e7\u00e3o do diretor de Administra\u00e7\u00e3o e Finan\u00e7as do Sebrae, Eduardo Diogo, fazer muito n\u00e3o significa, necessariamente, que est\u00e1 se fazendo o suficiente. Segundo ele, o Pa\u00eds precisa avan\u00e7ar economicamente e, para isso, \u00e9 preciso que haja o desenvolvimento de pol\u00edticas p\u00fablicas voltadas para micro e pequenas empresas, como \u00e9 o caso dessa mobiliza\u00e7\u00e3o.<br>&nbsp;<br>\u201cTemos que fazer mais e precisamos de cada um de voc\u00eas para nos ajudar, para cobrar de todos n\u00f3s. A maneira que se mede a efici\u00eancia de uma organiza\u00e7\u00e3o \u00e9 efetivamente o desempenho do p\u00fablico-alvo que ela se prop\u00f5e a ajudar. E a gente v\u00ea o nosso p\u00fablico-alvo: 14,3 milh\u00f5es de pessoas no Brasil inteiro e ainda temos muito a fazer para elas\u201d, destaca.&nbsp;<\/p>\n\n\n\n<h2 class=\"wp-block-heading\">Guia do Candidato Empreendedor<\/h2>\n\n\n\n<p>Os pequenos empreendimentos podem contar, ainda, com mais uma estrat\u00e9gia elaborada pelo Sebrae no sentido de promover a visibilidade e o desenvolvimento desses neg\u00f3cios. A entidade lan\u00e7ou o documento <a href=\"https:\/\/www.sebrae.com.br\/sites\/PortalSebrae\/parceirodomunicipio\">\u201cGuia do Candidato Empreendedor\u201d<\/a> com o apoio &nbsp;<a href=\"https:\/\/bd.camara.leg.br\/bd\/handle\/bdcamara\/4847\">Frente Parlamentar<\/a> Mista da Micro e Pequena Empresa, da Confedera\u00e7\u00e3o Nacional dos Munic\u00edpios <a href=\"https:\/\/www.cnm.org.br\/\">(CNM)<\/a>, da Frente Nacional de Prefeitos <a href=\"https:\/\/www.fnp.org.br\/\">(FNP),<\/a> do Instituto Rui Barbosa, com a <a href=\"https:\/\/www.conamp.org.br\/pt\/\">Associa\u00e7\u00e3o<\/a> Nacional dos Membros do Minist\u00e9rio P\u00fablico e da <a href=\"https:\/\/www.atricon.org.br\/\">Associa\u00e7\u00e3o<\/a> dos Membros dos Tribunais de Contas do Brasil.<\/p>\n\n\n\n<p><a href=\"https:\/\/brasil61.com\/noticias\/desburocratizacao-para-micro-e-pequenos-negocios-pode-dar-folego-a-economia-no-pos-pandemia-sebr200007\"><strong>Desburocratiza\u00e7\u00e3o para micro e pequenos neg\u00f3cios pode dar f\u00f4lego \u00e0 economia no p\u00f3s-pandemia<\/strong><\/a><\/p>\n\n\n\n<p><a href=\"https:\/\/brasil61.com\/noticias\/a-micro-e-pequena-empresa-e-a-teia-que-sustenta-qualquer-pais-afirma-presidente-do-sebrae-bras202155\"><strong>\u201cA micro e pequena empresa \u00e9 a teia que sustenta qualquer pa\u00eds\u201d, afirma presidente do Sebrae<\/strong><\/a><\/p>\n\n\n\n<p><a href=\"https:\/\/brasil61.com\/noticias\/candidatos-as-eleicoes-municipais-tem-desafio-de-fomentar-pequenos-negocios-e-retomar-economia-sebr200003\"><strong>Candidatos \u00e0s elei\u00e7\u00f5es municipais t\u00eam desafio de fomentar pequenos neg\u00f3cios e retomar economia<\/strong><\/a><\/p>\n\n\n\n<p>No guia, o gestor ter\u00e1 acesso a pacotes de produtos para que os munic\u00edpios possam fortalecer o desenvolvimento, permitindo o aprimoramento cont\u00ednuo do ambiente de neg\u00f3cios, dando prioridade para o setor econ\u00f4mico mais favor\u00e1vel para o local.<\/p>\n\n\n\n<p>O documento, intitulado \u201cSeja um candidato empreendedor \u2013 10 dicas do Sebrae\u201d, trata-se de um compilado de informa\u00e7\u00f5es que podem auxiliar candidatos (as) a prefeito (a) e vereador (a) nas elei\u00e7\u00f5es municipais deste ano. A dica \u00e9 valorizar os pequenos neg\u00f3cios, j\u00e1 que esses empreendimentos s\u00e3o relevantes no processo de gera\u00e7\u00e3o de emprego e renda.<\/p>\n\n\n\n<p>Entre as orienta\u00e7\u00f5es est\u00e1 a inclus\u00e3o do desenvolvimento econ\u00f4mico na agenda de prioridades da gest\u00e3o municipal, a constru\u00e7\u00e3o de parcerias com o setor produtivo, o investimento em programas de desenvolvimento a partir das voca\u00e7\u00f5es e proporcionar a formaliza\u00e7\u00e3o de empreendimento e de Micro e Pequenas Empresas.<\/p>\n\n\n\n<p>Fonte: <a href=\"https:\/\/brasil61.com\/noticias\/programa-mobilizacao-pelo-emprego-e-competitividade-estimula-pequenos-empreendimentos-na-retomada-economica-bras202442?email=bethdeoliveira@yahoo.com.br&amp;utm_source=newsletter&amp;utm_medium=newsletter&amp;utm_campaign=newsletter\" target=\"_blank\" rel=\"noreferrer noopener\">Brasil 61<\/a><\/p>\n","protected":false},"excerpt":{"rendered":"<p>A iniciativa \u00e9 dividida em planos macros, nos quais h\u00e1 a presen\u00e7a de a\u00e7\u00f5es mais<\/p>\n","protected":false},"author":2,"featured_media":4676,"comment_status":"open","ping_status":"open","sticky":false,"template":"","format":"standard","meta":{"footnotes":""},"categories":[18],"tags":[],"class_list":["post-4674","post","type-post","status-publish","format-standard","has-post-thumbnail","hentry","category-economia"],"_links":{"self":[{"href":"https:\/\/tvc16.com\/portal\/wp-json\/wp\/v2\/posts\/4674","targetHints":{"allow":["GET"]}}],"collection":[{"href":"https:\/\/tvc16.com\/portal\/wp-json\/wp\/v2\/posts"}],"about":[{"href":"https:\/\/tvc16.com\/portal\/wp-json\/wp\/v2\/types\/post"}],"author":[{"embeddable":true,"href":"https:\/\/tvc16.com\/portal\/wp-json\/wp\/v2\/users\/2"}],"replies":[{"embeddable":true,"href":"https:\/\/tvc16.com\/portal\/wp-json\/wp\/v2\/comments?post=4674"}],"version-history":[{"count":1,"href":"https:\/\/tvc16.com\/portal\/wp-json\/wp\/v2\/posts\/4674\/revisions"}],"predecessor-version":[{"id":4677,"href":"https:\/\/tvc16.com\/portal\/wp-json\/wp\/v2\/posts\/4674\/revisions\/4677"}],"wp:featuredmedia":[{"embeddable":true,"href":"https:\/\/tvc16.com\/portal\/wp-json\/wp\/v2\/media\/4676"}],"wp:attachment":[{"href":"https:\/\/tvc16.com\/portal\/wp-json\/wp\/v2\/media?parent=4674"}],"wp:term":[{"taxonomy":"category","embeddable":true,"href":"https:\/\/tvc16.com\/portal\/wp-json\/wp\/v2\/categories?post=4674"},{"taxonomy":"post_tag","embeddable":true,"href":"https:\/\/tvc16.com\/portal\/wp-json\/wp\/v2\/tags?post=4674"}],"curies":[{"name":"wp","href":"https:\/\/api.w.org\/{rel}","templated":true}]}}