{"id":4678,"date":"2020-11-02T15:35:31","date_gmt":"2020-11-02T15:35:31","guid":{"rendered":"https:\/\/tvc16.com\/portal\/?p=4678"},"modified":"2020-11-02T15:35:31","modified_gmt":"2020-11-02T15:35:31","slug":"o-brasil-vive-um-momento-de-forte-queda-na-media-movel-de-casos-e-mortes-por-covid-19","status":"publish","type":"post","link":"https:\/\/tvc16.com\/portal\/2020\/11\/02\/o-brasil-vive-um-momento-de-forte-queda-na-media-movel-de-casos-e-mortes-por-covid-19\/","title":{"rendered":"O Brasil vive um momento de forte queda na m\u00e9dia m\u00f3vel de casos e mortes por Covid-19"},"content":{"rendered":"\n<p> Como mostra o\u00a0<strong><a rel=\"noreferrer noopener\" target=\"_blank\" href=\"http:\/\/click.emailabril.com.br\/?qs=9676a263f22883ec3383b5b3191fc6dd634a90fb9cae1d2a3016797e976b7dc860f406af931f1c5ff8e0ec8f2a848b0aa6f27810e4eed1dc\">levantamento de VEJA<\/a>\u00a0<\/strong>, em rela\u00e7\u00e3o ao pico de cada uma das cinco regi\u00f5es do pa\u00eds, todas fecharam o m\u00eas de outubro com uma diminui\u00e7\u00e3o de mais de 50% nos dois \u00edndices. O Norte apresenta a maior baixa na taxa de \u00f3bitos, com -87,9%, enquanto o Nordeste \u00e9 o primeiro na queda da m\u00e9dia m\u00f3vel de casos, com redu\u00e7\u00e3o de 70,4%. Regi\u00e3o mais afetada pela pandemia no pa\u00eds, o Sudeste teve queda de 54,4% nos casos e de 62,2% nas v\u00edtimas fatais. J\u00e1 o\u00a0Centro-Oeste, que sentiu os efeitos da pandemia um pouco depois, viu a taxa de infectados cair 58,5% e a de mortes, 68,1%.<\/p>\n","protected":false},"excerpt":{"rendered":"<p>Como mostra o\u00a0levantamento de VEJA\u00a0, em rela\u00e7\u00e3o ao pico de cada uma das cinco regi\u00f5es<\/p>\n","protected":false},"author":2,"featured_media":4679,"comment_status":"open","ping_status":"open","sticky":false,"template":"","format":"standard","meta":{"footnotes":""},"categories":[13],"tags":[],"class_list":["post-4678","post","type-post","status-publish","format-standard","has-post-thumbnail","hentry","category-saude"],"_links":{"self":[{"href":"https:\/\/tvc16.com\/portal\/wp-json\/wp\/v2\/posts\/4678","targetHints":{"allow":["GET"]}}],"collection":[{"href":"https:\/\/tvc16.com\/portal\/wp-json\/wp\/v2\/posts"}],"about":[{"href":"https:\/\/tvc16.com\/portal\/wp-json\/wp\/v2\/types\/post"}],"author":[{"embeddable":true,"href":"https:\/\/tvc16.com\/portal\/wp-json\/wp\/v2\/users\/2"}],"replies":[{"embeddable":true,"href":"https:\/\/tvc16.com\/portal\/wp-json\/wp\/v2\/comments?post=4678"}],"version-history":[{"count":1,"href":"https:\/\/tvc16.com\/portal\/wp-json\/wp\/v2\/posts\/4678\/revisions"}],"predecessor-version":[{"id":4680,"href":"https:\/\/tvc16.com\/portal\/wp-json\/wp\/v2\/posts\/4678\/revisions\/4680"}],"wp:featuredmedia":[{"embeddable":true,"href":"https:\/\/tvc16.com\/portal\/wp-json\/wp\/v2\/media\/4679"}],"wp:attachment":[{"href":"https:\/\/tvc16.com\/portal\/wp-json\/wp\/v2\/media?parent=4678"}],"wp:term":[{"taxonomy":"category","embeddable":true,"href":"https:\/\/tvc16.com\/portal\/wp-json\/wp\/v2\/categories?post=4678"},{"taxonomy":"post_tag","embeddable":true,"href":"https:\/\/tvc16.com\/portal\/wp-json\/wp\/v2\/tags?post=4678"}],"curies":[{"name":"wp","href":"https:\/\/api.w.org\/{rel}","templated":true}]}}