{"id":4687,"date":"2020-11-02T15:59:55","date_gmt":"2020-11-02T15:59:55","guid":{"rendered":"https:\/\/tvc16.com\/portal\/?p=4687"},"modified":"2020-11-02T15:59:55","modified_gmt":"2020-11-02T15:59:55","slug":"na-regiao-serrana-do-rio-opcao-para-compras-neste-feriado-e-a-ferinha-de-itaipava-na-br-040-em-petropolis","status":"publish","type":"post","link":"https:\/\/tvc16.com\/portal\/2020\/11\/02\/na-regiao-serrana-do-rio-opcao-para-compras-neste-feriado-e-a-ferinha-de-itaipava-na-br-040-em-petropolis\/","title":{"rendered":"Na Regi\u00e3o Serrana do Rio, op\u00e7\u00e3o para compras neste feriado, \u00e9 a Ferinha de Itaipava, na BR-040, em Petr\u00f3polis"},"content":{"rendered":"\n<p>Neste \u00faltimo dia do feriado prolongado (2) uma boa op\u00e7\u00e3o para moradores da Regi\u00e3o,  visitantes e turistas irem \u00e0s compras \u00e9 a Feirinha de Itaipava, na BR-040. Com o com\u00e9rcio fechado da Cidade Imperial, o local oferece al\u00e9m de muitos boxes com variedade, restaurante, cafeteria e estacionamento gr\u00e1tis.<\/p>\n\n\n\n<figure class=\"wp-block-image size-large\"><img loading=\"lazy\" decoding=\"async\" width=\"1024\" height=\"576\" src=\"https:\/\/tvc16.com\/portal\/wp-content\/uploads\/2020\/11\/Image1-1024x576.jpg\" alt=\"\" class=\"wp-image-4689\" srcset=\"https:\/\/tvc16.com\/portal\/wp-content\/uploads\/2020\/11\/Image1-1024x576.jpg 1024w, https:\/\/tvc16.com\/portal\/wp-content\/uploads\/2020\/11\/Image1-300x169.jpg 300w, https:\/\/tvc16.com\/portal\/wp-content\/uploads\/2020\/11\/Image1-768x432.jpg 768w, https:\/\/tvc16.com\/portal\/wp-content\/uploads\/2020\/11\/Image1-1536x864.jpg 1536w, https:\/\/tvc16.com\/portal\/wp-content\/uploads\/2020\/11\/Image1.jpg 1920w\" sizes=\"auto, (max-width: 1024px) 100vw, 1024px\" \/><\/figure>\n\n\n\n<p>No local, os visitantes encontram muitos boxes com variedades. Roupas, masculinas e femininas, cal\u00e7ados, acess\u00f3rios, artesanatos, roupas infantis, roupas intimas e pe\u00e7as exclusivas da Feirinha. A vantagem \u00e9 que al\u00e9m das compras, os motoristas podem estacionar sem preocupa\u00e7\u00e3o. O Estacionamento \u00e9 gratuito e amplo.<\/p>\n\n\n\n<p>H\u00e1 tamb\u00e9m banheiros e \u00e1rea de lazer e pastelaria. Mesmo com a pandemia, n\u00e3o h\u00e1 com o que se preocupar, pois o local adotou, desde sua reabertura, medidas de seguran\u00e7a atendendo todo o protocolo da Secretaria de Sa\u00fade do munic\u00edpio e fiscaliza\u00e7\u00e3o sanit\u00e1ria e do Procon Petr\u00f3polis.<\/p>\n\n\n\n<p>A Feirinha abre \u00e0s sextas-feiras das 10h \u00e0s 18h, s\u00e1bados, domingos e feriados das 10h \u00e0s 19h.<\/p>\n\n\n\n<figure class=\"wp-block-image size-large\"><img loading=\"lazy\" decoding=\"async\" width=\"1024\" height=\"576\" src=\"https:\/\/tvc16.com\/portal\/wp-content\/uploads\/2020\/11\/Image22-1024x576.jpg\" alt=\"\" class=\"wp-image-4688\" srcset=\"https:\/\/tvc16.com\/portal\/wp-content\/uploads\/2020\/11\/Image22-1024x576.jpg 1024w, https:\/\/tvc16.com\/portal\/wp-content\/uploads\/2020\/11\/Image22-300x169.jpg 300w, https:\/\/tvc16.com\/portal\/wp-content\/uploads\/2020\/11\/Image22-768x432.jpg 768w, https:\/\/tvc16.com\/portal\/wp-content\/uploads\/2020\/11\/Image22-1536x865.jpg 1536w, https:\/\/tvc16.com\/portal\/wp-content\/uploads\/2020\/11\/Image22.jpg 1853w\" sizes=\"auto, (max-width: 1024px) 100vw, 1024px\" \/><\/figure>\n","protected":false},"excerpt":{"rendered":"<p>Neste \u00faltimo dia do feriado prolongado (2) uma boa op\u00e7\u00e3o para moradores da Regi\u00e3o, visitantes<\/p>\n","protected":false},"author":2,"featured_media":4690,"comment_status":"open","ping_status":"open","sticky":false,"template":"","format":"standard","meta":{"footnotes":""},"categories":[12],"tags":[],"class_list":["post-4687","post","type-post","status-publish","format-standard","has-post-thumbnail","hentry","category-cidade"],"_links":{"self":[{"href":"https:\/\/tvc16.com\/portal\/wp-json\/wp\/v2\/posts\/4687","targetHints":{"allow":["GET"]}}],"collection":[{"href":"https:\/\/tvc16.com\/portal\/wp-json\/wp\/v2\/posts"}],"about":[{"href":"https:\/\/tvc16.com\/portal\/wp-json\/wp\/v2\/types\/post"}],"author":[{"embeddable":true,"href":"https:\/\/tvc16.com\/portal\/wp-json\/wp\/v2\/users\/2"}],"replies":[{"embeddable":true,"href":"https:\/\/tvc16.com\/portal\/wp-json\/wp\/v2\/comments?post=4687"}],"version-history":[{"count":1,"href":"https:\/\/tvc16.com\/portal\/wp-json\/wp\/v2\/posts\/4687\/revisions"}],"predecessor-version":[{"id":4691,"href":"https:\/\/tvc16.com\/portal\/wp-json\/wp\/v2\/posts\/4687\/revisions\/4691"}],"wp:featuredmedia":[{"embeddable":true,"href":"https:\/\/tvc16.com\/portal\/wp-json\/wp\/v2\/media\/4690"}],"wp:attachment":[{"href":"https:\/\/tvc16.com\/portal\/wp-json\/wp\/v2\/media?parent=4687"}],"wp:term":[{"taxonomy":"category","embeddable":true,"href":"https:\/\/tvc16.com\/portal\/wp-json\/wp\/v2\/categories?post=4687"},{"taxonomy":"post_tag","embeddable":true,"href":"https:\/\/tvc16.com\/portal\/wp-json\/wp\/v2\/tags?post=4687"}],"curies":[{"name":"wp","href":"https:\/\/api.w.org\/{rel}","templated":true}]}}