{"id":4692,"date":"2020-11-02T16:06:55","date_gmt":"2020-11-02T16:06:55","guid":{"rendered":"https:\/\/tvc16.com\/portal\/?p=4692"},"modified":"2020-11-02T16:06:55","modified_gmt":"2020-11-02T16:06:55","slug":"trump-e-biden-buscam-votos-em-estados-considerados-campos-de-batalha","status":"publish","type":"post","link":"https:\/\/tvc16.com\/portal\/2020\/11\/02\/trump-e-biden-buscam-votos-em-estados-considerados-campos-de-batalha\/","title":{"rendered":"Trump e Biden buscam votos em estados considerados campos de batalha"},"content":{"rendered":"\n<h3 class=\"wp-block-heading\">Hoje \u00e9 o \u00faltimo dia de campanha<\/h3>\n\n\n\n<h4 class=\"wp-block-heading\">Por Steve Holland e Trevor Hunnicutt &#8211; da ag\u00eancia Reuters &#8211; Opa-Locka\/Wilmington<\/h4>\n\n\n\n<figure class=\"wp-block-image\"><a href=\"https:\/\/br.reuters.com\/\" target=\"_blank\" rel=\"noreferrer noopener\"><img decoding=\"async\" src=\"https:\/\/agenciabrasil.ebc.com.br\/sites\/default\/files\/styles\/269x0\/public\/logo_parceiros\/logo_reuters.jpg?itok=1pP189Lc\" alt=\"Reuters\"\/><\/a><\/figure>\n\n\n\n<p>O presidente dos Estados Unidos, Donald Trump, vai buscar apoio em quatro estados considerados campos de batalha nesta segunda-feira (2), enquanto o rival democrata Joe Biden se concentrar\u00e1 na Pensilv\u00e2nia e em Ohio durante o \u00faltimo dia de campanha na corrida para a Casa Branca. A elei\u00e7\u00e3o ser\u00e1 amanh\u00e3 (3).<img decoding=\"async\" src=\"https:\/\/agenciabrasil.ebc.com.br\/ebc.png?id=1392042&amp;o=node\"><img decoding=\"async\" src=\"https:\/\/agenciabrasil.ebc.com.br\/ebc.gif?id=1392042&amp;o=node\"><\/p>\n\n\n\n<p>O republicano Trump est\u00e1 atr\u00e1s de Biden nas pesquisas de opini\u00e3o na v\u00e9spera da elei\u00e7\u00e3o. Mas a disputa \u00e9 vista como acirrada em estados decisivos o bastante para que Trump ainda possa reunir os 270 votos necess\u00e1rios para prevalecer no col\u00e9gio eleitoral estadual que determina quem sair\u00e1 vencedor.<\/p>\n\n\n\n<p>Trump, que n\u00e3o quer ser o primeiro presidente em exerc\u00edcio a perder a reelei\u00e7\u00e3o desde o colega republicano George H. W. Bush, em 1992, realizar\u00e1 com\u00edcios nesta segunda-feira na Carolina do Norte, Pensilv\u00e2nia, Wisconsin e dois em Michigan.<\/p>\n\n\n\n<p>Ele venceu nesses estados em 2016 contra a democrata Hillary Clinton, mas as pesquisas mostram que Biden est\u00e1 amea\u00e7ando recapturar os votos para os democratas.<\/p>\n\n\n\n<p>Trump encerrar\u00e1 sua campanha em Grand Rapids, Michigan, mesmo lugar em que concluiu sua corrida presidencial de 2016 com um com\u00edcio ap\u00f3s a meia-noite no dia da elei\u00e7\u00e3o.<\/p>\n\n\n\n<h2 class=\"wp-block-heading\">Esperan\u00e7as<\/h2>\n\n\n\n<p>Biden, a companheira de chapa Kamala Harris e seus c\u00f4njuges passar\u00e3o a maior parte desta segunda-feira na Pensilv\u00e2nia, dividindo-se para atingir os quatro cantos de um estado que se tornou vital para as esperan\u00e7as do ex-vice-presidente.<\/p>\n\n\n\n<p>Biden vai reunir membros de sindicatos e eleitores afro-americanos numa \u00e1rea de Pittsburgh antes de se juntar a um com\u00edcio noturno em Pittsburgh com apresenta\u00e7\u00e3o da cantora Lady Gaga.<\/p>\n\n\n\n<p>Ele tamb\u00e9m far\u00e1 um desvio para a fronteira com Ohio, passando um tempo em seu \u00faltimo dia de campanha em um estado que j\u00e1 foi considerado fechado com Trump. Agora, pesquisas mostram uma disputa acirrada.<\/p>\n\n\n\n<p>O ex-presidente Barack Obama, de quem Biden foi vice-presidente por oito anos, far\u00e1 um com\u00edcio para conseguir votos em Atlanta, Ge\u00f3rgia, nesta segunda-feira, antes de encerrar a campanha \u00e0 noite com um com\u00edcio em Miami.<\/p>\n\n\n\n<p>Biden encerrou a campanha na ofensiva, viajando quase exclusivamente para estados onde Trump venceu em 2016 e criticando a resposta do presidente \u00e0 pandemia de coronav\u00edrus, que dominou os est\u00e1gios finais da corrida.<\/p>\n\n\n\n<h2 class=\"wp-block-heading\">Pandemia<\/h2>\n\n\n\n<p>Biden acusa Trump de desistir de lutar contra a pandemia, que matou mais de 230 mil americanos e custou milh\u00f5es de empregos. As pesquisas mostram que os norte-americanos confiam mais em Biden do que em Trump para combater o v\u00edrus.<\/p>\n\n\n\n<p>Trump, por sua vez, tem prometido um renascimento econ\u00f4mico e entrega iminente de uma vacina para combater o surto de covid-19.<\/p>\n\n\n\n<p>O m\u00e9dico Anthony Fauci, principal especialista em doen\u00e7as infecciosas dos EUA, disse que as primeiras doses de uma vacina eficaz contra o coronav\u00edrus provavelmente estar\u00e3o dispon\u00edveis para alguns norte-americanos do grupo de alto risco no fim de dezembro ou in\u00edcio de janeiro.<\/p>\n\n\n\n<p>Trump, que muitas vezes discordou publicamente de Fauci, sugeriu hoje que poderia demiti-lo como diretor do Instituto Nacional de Alergia e Doen\u00e7as Infecciosas ap\u00f3s a elei\u00e7\u00e3o.<\/p>\n","protected":false},"excerpt":{"rendered":"<p>Hoje \u00e9 o \u00faltimo dia de campanha Por Steve Holland e Trevor Hunnicutt &#8211; da<\/p>\n","protected":false},"author":2,"featured_media":4693,"comment_status":"open","ping_status":"open","sticky":false,"template":"","format":"standard","meta":{"footnotes":""},"categories":[22],"tags":[],"class_list":["post-4692","post","type-post","status-publish","format-standard","has-post-thumbnail","hentry","category-internacional"],"_links":{"self":[{"href":"https:\/\/tvc16.com\/portal\/wp-json\/wp\/v2\/posts\/4692","targetHints":{"allow":["GET"]}}],"collection":[{"href":"https:\/\/tvc16.com\/portal\/wp-json\/wp\/v2\/posts"}],"about":[{"href":"https:\/\/tvc16.com\/portal\/wp-json\/wp\/v2\/types\/post"}],"author":[{"embeddable":true,"href":"https:\/\/tvc16.com\/portal\/wp-json\/wp\/v2\/users\/2"}],"replies":[{"embeddable":true,"href":"https:\/\/tvc16.com\/portal\/wp-json\/wp\/v2\/comments?post=4692"}],"version-history":[{"count":1,"href":"https:\/\/tvc16.com\/portal\/wp-json\/wp\/v2\/posts\/4692\/revisions"}],"predecessor-version":[{"id":4694,"href":"https:\/\/tvc16.com\/portal\/wp-json\/wp\/v2\/posts\/4692\/revisions\/4694"}],"wp:featuredmedia":[{"embeddable":true,"href":"https:\/\/tvc16.com\/portal\/wp-json\/wp\/v2\/media\/4693"}],"wp:attachment":[{"href":"https:\/\/tvc16.com\/portal\/wp-json\/wp\/v2\/media?parent=4692"}],"wp:term":[{"taxonomy":"category","embeddable":true,"href":"https:\/\/tvc16.com\/portal\/wp-json\/wp\/v2\/categories?post=4692"},{"taxonomy":"post_tag","embeddable":true,"href":"https:\/\/tvc16.com\/portal\/wp-json\/wp\/v2\/tags?post=4692"}],"curies":[{"name":"wp","href":"https:\/\/api.w.org\/{rel}","templated":true}]}}