{"id":4696,"date":"2020-11-02T16:40:49","date_gmt":"2020-11-02T16:40:49","guid":{"rendered":"https:\/\/tvc16.com\/portal\/?p=4696"},"modified":"2020-11-02T16:40:49","modified_gmt":"2020-11-02T16:40:49","slug":"cemiterios-estao-abertos-para-visitacao-no-dia-de-finados","status":"publish","type":"post","link":"https:\/\/tvc16.com\/portal\/2020\/11\/02\/cemiterios-estao-abertos-para-visitacao-no-dia-de-finados\/","title":{"rendered":"Cemit\u00e9rios est\u00e3o abertos para visita\u00e7\u00e3o no Dia de Finados"},"content":{"rendered":"\n<p>Os cemit\u00e9rios de Petr\u00f3polis est\u00e3o abertos para visita\u00e7\u00e3o nesta segunda-feira (02), Dia de Finados. O hor\u00e1rio de visita e atendimento ao p\u00fablico \u00e9 at\u00e9 \u00e0s 18h. \u00a0O funcionamento est\u00e1 feito respeitando os procedimentos de higieniza\u00e7\u00e3o, uso de m\u00e1scaras e distanciamento social. A m\u00e9dia estimada de visitas aos cemit\u00e9rios hoje \u00e9 de 30 mil pessoas.<\/p>\n","protected":false},"excerpt":{"rendered":"<p>Os cemit\u00e9rios de Petr\u00f3polis est\u00e3o abertos para visita\u00e7\u00e3o nesta segunda-feira (02), Dia de Finados. O<\/p>\n","protected":false},"author":2,"featured_media":4697,"comment_status":"open","ping_status":"open","sticky":false,"template":"","format":"standard","meta":{"footnotes":""},"categories":[12],"tags":[],"class_list":["post-4696","post","type-post","status-publish","format-standard","has-post-thumbnail","hentry","category-cidade"],"_links":{"self":[{"href":"https:\/\/tvc16.com\/portal\/wp-json\/wp\/v2\/posts\/4696","targetHints":{"allow":["GET"]}}],"collection":[{"href":"https:\/\/tvc16.com\/portal\/wp-json\/wp\/v2\/posts"}],"about":[{"href":"https:\/\/tvc16.com\/portal\/wp-json\/wp\/v2\/types\/post"}],"author":[{"embeddable":true,"href":"https:\/\/tvc16.com\/portal\/wp-json\/wp\/v2\/users\/2"}],"replies":[{"embeddable":true,"href":"https:\/\/tvc16.com\/portal\/wp-json\/wp\/v2\/comments?post=4696"}],"version-history":[{"count":1,"href":"https:\/\/tvc16.com\/portal\/wp-json\/wp\/v2\/posts\/4696\/revisions"}],"predecessor-version":[{"id":4698,"href":"https:\/\/tvc16.com\/portal\/wp-json\/wp\/v2\/posts\/4696\/revisions\/4698"}],"wp:featuredmedia":[{"embeddable":true,"href":"https:\/\/tvc16.com\/portal\/wp-json\/wp\/v2\/media\/4697"}],"wp:attachment":[{"href":"https:\/\/tvc16.com\/portal\/wp-json\/wp\/v2\/media?parent=4696"}],"wp:term":[{"taxonomy":"category","embeddable":true,"href":"https:\/\/tvc16.com\/portal\/wp-json\/wp\/v2\/categories?post=4696"},{"taxonomy":"post_tag","embeddable":true,"href":"https:\/\/tvc16.com\/portal\/wp-json\/wp\/v2\/tags?post=4696"}],"curies":[{"name":"wp","href":"https:\/\/api.w.org\/{rel}","templated":true}]}}