{"id":4705,"date":"2020-11-02T20:23:40","date_gmt":"2020-11-02T20:23:40","guid":{"rendered":"https:\/\/tvc16.com\/portal\/?p=4705"},"modified":"2020-11-02T20:23:40","modified_gmt":"2020-11-02T20:23:40","slug":"celebracao-em-memoria-dos-fieis-que-morreram-especialmente-as-vitimas-fatais-da-pandemia","status":"publish","type":"post","link":"https:\/\/tvc16.com\/portal\/2020\/11\/02\/celebracao-em-memoria-dos-fieis-que-morreram-especialmente-as-vitimas-fatais-da-pandemia\/","title":{"rendered":"Celebra\u00e7\u00e3o em mem\u00f3ria dos fi\u00e9is que morreram, especialmente as v\u00edtimas fatais da pandemia"},"content":{"rendered":"\n<p>Nesta segunda-feira, a presidente da Fiocruz participou de uma cerim\u00f4nia no Cremat\u00f3rio e Cemit\u00e9rio da Penit\u00eancia, no Caju, na regi\u00e3o portu\u00e1ria do Rio, onde o arcebispo Metropolitano do Rio, dom Orani Jo\u00e3o Tempesta, celebrou uma missa. Na celebra\u00e7\u00e3o em mem\u00f3ria dos fi\u00e9is que morreram, especialmente as v\u00edtimas fatais da pandemia, o cardeal lembrou, neste Dia de Finados, a dificuldade de parentes que perderam entes queridos e n\u00e3o puderam se despedir deles pessoalmente por causa da covid-19.&nbsp;<\/p>\n\n\n\n<p>Dom Orani disse tamb\u00e9m que esse per\u00edodo de pandemia diante das mortes levou todos a pensar nesse momento diferente e a raz\u00e3o da vida mesmo no sofrimento e na dor. O religioso destacou a import\u00e2ncia de rezar pelos pesquisadores e profissionais de sa\u00fade, tanto pelos que morreram, quanto pelos que est\u00e3o na ativa e pelos que trabalham no desenvolvimento das vacinas. \u201cPara que sejam iluminados e com toda a prud\u00eancia e toda a ci\u00eancia e todo o conhecimento possam encontrar os caminhos tamb\u00e9m para esta solu\u00e7\u00e3o\u201d, disse.<\/p>\n\n\n\n<p>Ao fim da missa, dom Orani acendeu uma pira batizada de Chama da Esperan\u00e7a para iluminar os cientistas nos estudos da vacina contra o novo coronav\u00edrus. A pira s\u00f3 ser\u00e1 apagada quando a vacina contra a doen\u00e7a for descoberta e reconhecida pela comunidade e \u00f3rg\u00e3os cient\u00edficos. A Fiocruz recebeu uma vela com a chama da pira que vai permanecer nas suas instala\u00e7\u00f5es. \u201cA Fiocruz levar\u00e1 essa chama para nos acompanhar, simbolizando o trabalho da ci\u00eancia e do nosso Sistema \u00danico de Sa\u00fade\u201d, disse a presidente da Fiocruz.\u00a0<\/p>\n\n\n\n<h2 class=\"wp-block-heading\">Jardim in Memoriam<\/h2>\n\n\n\n<p>Logo ap\u00f3s acender a pira, o cardeal batizou o Jardim in Memoriam, que tem 30 metros de extens\u00e3o numa \u00e1rea de mil metros quadrados e ao ar livre na forma de um columb\u00e1rio-jardim formado por 157 estruturas tubulares de tr\u00eas a seis metros de altura que desembocam num espelho d\u2019\u00e1gua. O cemit\u00e9rio abriga desde setembro um memorial das v\u00edtimas da Covid-19, realizado pela mesma arquiteta.<\/p>\n\n\n\n<p>Depois de batizar o jardim, dom Orani, plantou no Jardim in Memoriam uma muda de jequitib\u00e1-a\u00e7u, \u00e1rvore-s\u00edmbolo do Rio de Janeiro, que est\u00e1 em extin\u00e7\u00e3o e representa a perpetuidade e a evolu\u00e7\u00e3o da vida. O plantio de \u00e1rvores neste dia de Finados foi sugerido pela Confedera\u00e7\u00e3o Nacional dos Bispos do Brasil (CNBB) e tamb\u00e9m \u00e9 uma refer\u00eancia a import\u00e2ncia da preserva\u00e7\u00e3o do meio ambiente e contra as queimadas no pa\u00eds.<\/p>\n\n\n\n<p><em>* Mat\u00e9ria atualizada \u00e0s 17h02 para acr\u00e9scimo de informa\u00e7\u00f5es<\/em><\/p>\n\n\n\n<p>Edi\u00e7\u00e3o: F\u00e1bio Massalli<\/p>\n","protected":false},"excerpt":{"rendered":"<p>Dom Orani acendeu uma pira para iluminar os cientistas nos estudos da vacina &#8211; Nina Lima\/ divulga\u00e7\u00e3o do cremat\u00f3rio\/ cemit\u00e9rio da penit\u00eancia<\/p>\n","protected":false},"author":2,"featured_media":4706,"comment_status":"open","ping_status":"open","sticky":false,"template":"","format":"standard","meta":{"footnotes":""},"categories":[17],"tags":[],"class_list":["post-4705","post","type-post","status-publish","format-standard","has-post-thumbnail","hentry","category-outras-noticias"],"_links":{"self":[{"href":"https:\/\/tvc16.com\/portal\/wp-json\/wp\/v2\/posts\/4705","targetHints":{"allow":["GET"]}}],"collection":[{"href":"https:\/\/tvc16.com\/portal\/wp-json\/wp\/v2\/posts"}],"about":[{"href":"https:\/\/tvc16.com\/portal\/wp-json\/wp\/v2\/types\/post"}],"author":[{"embeddable":true,"href":"https:\/\/tvc16.com\/portal\/wp-json\/wp\/v2\/users\/2"}],"replies":[{"embeddable":true,"href":"https:\/\/tvc16.com\/portal\/wp-json\/wp\/v2\/comments?post=4705"}],"version-history":[{"count":1,"href":"https:\/\/tvc16.com\/portal\/wp-json\/wp\/v2\/posts\/4705\/revisions"}],"predecessor-version":[{"id":4707,"href":"https:\/\/tvc16.com\/portal\/wp-json\/wp\/v2\/posts\/4705\/revisions\/4707"}],"wp:featuredmedia":[{"embeddable":true,"href":"https:\/\/tvc16.com\/portal\/wp-json\/wp\/v2\/media\/4706"}],"wp:attachment":[{"href":"https:\/\/tvc16.com\/portal\/wp-json\/wp\/v2\/media?parent=4705"}],"wp:term":[{"taxonomy":"category","embeddable":true,"href":"https:\/\/tvc16.com\/portal\/wp-json\/wp\/v2\/categories?post=4705"},{"taxonomy":"post_tag","embeddable":true,"href":"https:\/\/tvc16.com\/portal\/wp-json\/wp\/v2\/tags?post=4705"}],"curies":[{"name":"wp","href":"https:\/\/api.w.org\/{rel}","templated":true}]}}