{"id":4708,"date":"2020-11-02T20:27:56","date_gmt":"2020-11-02T20:27:56","guid":{"rendered":"https:\/\/tvc16.com\/portal\/?p=4708"},"modified":"2020-11-02T20:27:56","modified_gmt":"2020-11-02T20:27:56","slug":"homens-armados-invadem-universidade-de-cabul-e-matam-22","status":"publish","type":"post","link":"https:\/\/tvc16.com\/portal\/2020\/11\/02\/homens-armados-invadem-universidade-de-cabul-e-matam-22\/","title":{"rendered":"Homens armados invadem Universidade de Cabul e matam 22"},"content":{"rendered":"\n<h3 class=\"wp-block-heading\">Estado Isl\u00e2mico assumiu autoria do ataque<\/h3>\n\n\n\n<h4 class=\"wp-block-heading\">Por Abdul Qadir Sediqi, Orooj Hakimi e Hamid Shalizi &#8211; Rep\u00f3rteres da Reuters &#8211; Cabul<\/h4>\n\n\n\n<figure class=\"wp-block-image\"><a href=\"https:\/\/br.reuters.com\/\" target=\"_blank\" rel=\"noreferrer noopener\"><img decoding=\"async\" src=\"https:\/\/agenciabrasil.ebc.com.br\/sites\/default\/files\/styles\/269x0\/public\/logo_parceiros\/logo_reuters.jpg?itok=1pP189Lc\" alt=\"Reuters\"\/><\/a><\/figure>\n\n\n\n<p>Homens armados invadiram a Universidade de Cabul nesta segunda-feira (2) e mataram pelo menos 22 pessoas, incluindo estudantes em suas salas de aula, com militantes do Estado Isl\u00e2mico assumindo a responsabilidade pelo que o presidente Ashraf Ghani chamou de &#8220;ato desprez\u00edvel de terror&#8221;.<img decoding=\"async\" src=\"https:\/\/agenciabrasil.ebc.com.br\/ebc.png?id=1392063&amp;o=node\"><img decoding=\"async\" src=\"https:\/\/agenciabrasil.ebc.com.br\/ebc.gif?id=1392063&amp;o=node\"><\/p>\n\n\n\n<p>Em uma mensagem de v\u00eddeo, Ghani, que j\u00e1 lecionou na universidade, anunciou um dia nacional de luto para homenagear as v\u00edtimas e ofereceu suas condol\u00eancias \u00e0 na\u00e7\u00e3o e \u00e0s fam\u00edlias das v\u00edtimas.<\/p>\n\n\n\n<p>&#8220;Meu cora\u00e7\u00e3o ainda bate por esta institui\u00e7\u00e3o acad\u00eamica&#8221;, disse ele. &#8220;O ataque de hoje nos deixou abatidos.&#8221;<\/p>\n\n\n\n<p>Homens armados invadiram a Universidade de Cabul pela manh\u00e3, matando estudantes em suas salas de aula e atirando em outros enquanto eles fugiam, disseram autoridades e testemunhas, no segundo ataque a uma institui\u00e7\u00e3o educacional na capital em apenas uma semana.<\/p>\n\n\n\n<p>Os tr\u00eas agressores mataram pelo menos 22 pessoas, incluindo estudantes, e feriram mais 22 antes que as for\u00e7as de seguran\u00e7a afeg\u00e3s matassem os atiradores, disse o Minist\u00e9rio da Sa\u00fade.<\/p>\n\n\n\n<p>O ataque foi reivindicado pelo Estado Isl\u00e2mico, disse a ag\u00eancia de not\u00edcias Amaq, do grupo jihadista. A Amaq afirmou que os homens armados tinham como alvo uma reuni\u00e3o realizada para marcar a conclus\u00e3o de um curso de treinamento na universidade.<\/p>\n","protected":false},"excerpt":{"rendered":"<p>Foto: www.rfi.fr<\/p>\n","protected":false},"author":2,"featured_media":4709,"comment_status":"open","ping_status":"open","sticky":false,"template":"","format":"standard","meta":{"footnotes":""},"categories":[22],"tags":[],"class_list":["post-4708","post","type-post","status-publish","format-standard","has-post-thumbnail","hentry","category-internacional"],"_links":{"self":[{"href":"https:\/\/tvc16.com\/portal\/wp-json\/wp\/v2\/posts\/4708","targetHints":{"allow":["GET"]}}],"collection":[{"href":"https:\/\/tvc16.com\/portal\/wp-json\/wp\/v2\/posts"}],"about":[{"href":"https:\/\/tvc16.com\/portal\/wp-json\/wp\/v2\/types\/post"}],"author":[{"embeddable":true,"href":"https:\/\/tvc16.com\/portal\/wp-json\/wp\/v2\/users\/2"}],"replies":[{"embeddable":true,"href":"https:\/\/tvc16.com\/portal\/wp-json\/wp\/v2\/comments?post=4708"}],"version-history":[{"count":1,"href":"https:\/\/tvc16.com\/portal\/wp-json\/wp\/v2\/posts\/4708\/revisions"}],"predecessor-version":[{"id":4710,"href":"https:\/\/tvc16.com\/portal\/wp-json\/wp\/v2\/posts\/4708\/revisions\/4710"}],"wp:featuredmedia":[{"embeddable":true,"href":"https:\/\/tvc16.com\/portal\/wp-json\/wp\/v2\/media\/4709"}],"wp:attachment":[{"href":"https:\/\/tvc16.com\/portal\/wp-json\/wp\/v2\/media?parent=4708"}],"wp:term":[{"taxonomy":"category","embeddable":true,"href":"https:\/\/tvc16.com\/portal\/wp-json\/wp\/v2\/categories?post=4708"},{"taxonomy":"post_tag","embeddable":true,"href":"https:\/\/tvc16.com\/portal\/wp-json\/wp\/v2\/tags?post=4708"}],"curies":[{"name":"wp","href":"https:\/\/api.w.org\/{rel}","templated":true}]}}