{"id":4711,"date":"2020-11-02T20:31:09","date_gmt":"2020-11-02T20:31:09","guid":{"rendered":"https:\/\/tvc16.com\/portal\/?p=4711"},"modified":"2020-11-02T20:31:09","modified_gmt":"2020-11-02T20:31:09","slug":"pesquisa-acha-1o-cancer-em-mamifero-nao-humano-do-periodo-quartenario","status":"publish","type":"post","link":"https:\/\/tvc16.com\/portal\/2020\/11\/02\/pesquisa-acha-1o-cancer-em-mamifero-nao-humano-do-periodo-quartenario\/","title":{"rendered":"Pesquisa acha 1\u00ba c\u00e2ncer em mam\u00edfero n\u00e3o humano do per\u00edodo quarten\u00e1rio"},"content":{"rendered":"\n<h3 class=\"wp-block-heading\">Descoberta ocorreu na Bahia<\/h3>\n\n\n\n<h4 class=\"wp-block-heading\">Por Alana Gandra &#8211; Rep\u00f3rter da Ag\u00eancia Brasil &#8211; Rio de Janeiro<\/h4>\n\n\n\n<p>Um estudo de pesquisadores do Servi\u00e7o Geol\u00f3gico do Brasil (SGB\/CPRM) foi publicado no peri\u00f3dico<em>&nbsp;Historical Biology<\/em>&nbsp;e registra o primeiro c\u00e2ncer diagnosticado em um mam\u00edfero extinto n\u00e3o humano do per\u00edodo geol\u00f3gico Quatern\u00e1rio, conhecido popularmente como a era do gelo.&nbsp;<img decoding=\"async\" src=\"https:\/\/agenciabrasil.ebc.com.br\/ebc.png?id=1392057&amp;o=node\"><img decoding=\"async\" src=\"https:\/\/agenciabrasil.ebc.com.br\/ebc.gif?id=1392057&amp;o=node\"><\/p>\n\n\n\n<p>O f\u00f3ssil com o c\u00e2ncer no f\u00eamur direito \u00e9 de um exemplar de pregui\u00e7a da esp\u00e9cie&nbsp;<em>Nothrotherium maquinenses<\/em>&nbsp;e foi descoberto na Lapa dos Peixes I, caverna localizada na Serra do Ramalho, na Bahia.<\/p>\n\n\n\n<p>O paleont\u00f3logo do Museu de Ci\u00eancias da Terra do Servi\u00e7o Geol\u00f3gico do Brasil, Rafael Costa da Silva, disse \u00e0&nbsp;<strong>Ag\u00eancia Brasil<\/strong>&nbsp;que o exemplar foi encontrado em 2014, durante&nbsp; projeto desenvolvido pelo \u00f3rg\u00e3o para mapear e estudar cavernas na Bahia, tendo como meta entender a circula\u00e7\u00e3o da \u00e1gua e como a hidrologia funciona ali. No entanto, os pesquisadores acabaram achando mais de 500 f\u00f3sseis na regi\u00e3o.<\/p>\n\n\n\n<p>\u201cEsse exemplar estava quase inteiro e a gente percebeu que havia uma protuber\u00e2ncia \u00f3ssea no f\u00eamur que n\u00e3o devia estar ali, porque a gente conhece a anatomia dos animais. Ainda na caverna, imaginei que aquilo podia ser uma patologia, at\u00e9 um tipo de tumor. N\u00e3o \u00e9 uma coisa muito comum\u201d, disse.&nbsp;<\/p>\n\n\n\n<p>Foram feitas tomografias do osso e l\u00e2minas microsc\u00f3picas para se chegar a esse diagn\u00f3stico. \u201cRealmente, o padr\u00e3o de crescimento das c\u00e9lulas indica que \u00e9 um tipo de c\u00e2ncer \u00f3sseo. E acontece que \u00e9 o primeiro caso de um c\u00e2ncer \u00f3sseo descoberto em um mam\u00edfero no Brasil, em um animal dessa idade\u201d, salientou o paleont\u00f3logo. \u201c\u00c9 o primeiro caso em f\u00f3ssil no mundo\u201d, emendou.<\/p>\n\n\n\n<p>Acrescentou que, em esp\u00e9cies humanas (homin\u00eddeos), h\u00e1 casos de c\u00e2ncer descobertos e melhor estudados, \u201cporque s\u00e3o humanos\u201d, mas nunca antes em f\u00f3ssil mam\u00edfero n\u00e3o humano.<\/p>\n\n\n\n<h2 class=\"wp-block-heading\">Museu<\/h2>\n\n\n\n<p>O per\u00edodo Quatern\u00e1rio vai de 2 milh\u00f5es ou 1,5 milh\u00e3o de anos para c\u00e1, at\u00e9 12 mil anos. Para um paleont\u00f3logo, \u00e9 bem recente, disse Costa da Silva, que trabalha com material de 200 milh\u00f5es a 300 milh\u00f5es de anos. As pe\u00e7as est\u00e3o na cole\u00e7\u00e3o de paleontologia do Museu de Ci\u00eancias da Terra (MCTer), do Servi\u00e7o Geol\u00f3gico do Brasil, no Rio de Janeiro.<\/p>\n\n\n\n<p>No momento, o museu est\u00e1 fechado para obras. Por\u00e9m, est\u00e1 nos planos para 2021 a realiza\u00e7\u00e3o de exposi\u00e7\u00e3o virtual que leve at\u00e9 a sociedade imagens do f\u00f3ssil e do acervo do equipamento. \u201cEst\u00e1 nos nossos planos fazer algo nesse sentido\u201d, disse. Em raz\u00e3o da pandemia do novo coronav\u00edrus, as exposi\u00e7\u00f5es itinerantes foram suspensas. A expectativa \u00e9 que o museu seja reaberto dentro de dois anos.<\/p>\n\n\n\n<p>Os paleont\u00f3logos fizeram uma expedi\u00e7\u00e3o este ano a cavernas da Col\u00f4mbia e est\u00e3o come\u00e7ando a estudar os resultados. A meta foi fazer avalia\u00e7\u00e3o das cavernas, ver o potencial de serem achados f\u00f3sseis e estabelecer o que fazer quando isso ocorrer. Outras expedi\u00e7\u00f5es dever\u00e3o ser feitas no futuro, porque atualmente, devido \u00e0 pandemia, n\u00e3o se est\u00e1 conseguindo fazer trabalho de campo, finalizou Costa da Silva.&nbsp;<\/p>\n\n\n\n<p>Edi\u00e7\u00e3o: Kleber Sampaio<\/p>\n","protected":false},"excerpt":{"rendered":"<p>Descoberta ocorreu na Bahia Por Alana Gandra &#8211; Rep\u00f3rter da Ag\u00eancia Brasil &#8211; Rio de<\/p>\n","protected":false},"author":2,"featured_media":4712,"comment_status":"open","ping_status":"open","sticky":false,"template":"","format":"standard","meta":{"footnotes":""},"categories":[17],"tags":[],"class_list":["post-4711","post","type-post","status-publish","format-standard","has-post-thumbnail","hentry","category-outras-noticias"],"_links":{"self":[{"href":"https:\/\/tvc16.com\/portal\/wp-json\/wp\/v2\/posts\/4711","targetHints":{"allow":["GET"]}}],"collection":[{"href":"https:\/\/tvc16.com\/portal\/wp-json\/wp\/v2\/posts"}],"about":[{"href":"https:\/\/tvc16.com\/portal\/wp-json\/wp\/v2\/types\/post"}],"author":[{"embeddable":true,"href":"https:\/\/tvc16.com\/portal\/wp-json\/wp\/v2\/users\/2"}],"replies":[{"embeddable":true,"href":"https:\/\/tvc16.com\/portal\/wp-json\/wp\/v2\/comments?post=4711"}],"version-history":[{"count":1,"href":"https:\/\/tvc16.com\/portal\/wp-json\/wp\/v2\/posts\/4711\/revisions"}],"predecessor-version":[{"id":4713,"href":"https:\/\/tvc16.com\/portal\/wp-json\/wp\/v2\/posts\/4711\/revisions\/4713"}],"wp:featuredmedia":[{"embeddable":true,"href":"https:\/\/tvc16.com\/portal\/wp-json\/wp\/v2\/media\/4712"}],"wp:attachment":[{"href":"https:\/\/tvc16.com\/portal\/wp-json\/wp\/v2\/media?parent=4711"}],"wp:term":[{"taxonomy":"category","embeddable":true,"href":"https:\/\/tvc16.com\/portal\/wp-json\/wp\/v2\/categories?post=4711"},{"taxonomy":"post_tag","embeddable":true,"href":"https:\/\/tvc16.com\/portal\/wp-json\/wp\/v2\/tags?post=4711"}],"curies":[{"name":"wp","href":"https:\/\/api.w.org\/{rel}","templated":true}]}}