{"id":4714,"date":"2020-11-02T20:33:38","date_gmt":"2020-11-02T20:33:38","guid":{"rendered":"https:\/\/tvc16.com\/portal\/?p=4714"},"modified":"2020-11-02T20:33:38","modified_gmt":"2020-11-02T20:33:38","slug":"pesquisador-alerta-para-riscos-causados-por-chuvas-no-sudeste","status":"publish","type":"post","link":"https:\/\/tvc16.com\/portal\/2020\/11\/02\/pesquisador-alerta-para-riscos-causados-por-chuvas-no-sudeste\/","title":{"rendered":"Pesquisador alerta para riscos causados por chuvas no Sudeste"},"content":{"rendered":"\n<h3 class=\"wp-block-heading\">Ele diz que redu\u00e7\u00e3o de desastres e de risco \u00e9 um ciclo<\/h3>\n\n\n\n<h4 class=\"wp-block-heading\">Por Cristina \u00cdndio do Brasil &#8211; Rep\u00f3rter da Ag\u00eancia Brasil &#8211; Rio de Janeiro<\/h4>\n\n\n\n<p>O per\u00edodo de chuvas na regi\u00e3o Sudeste j\u00e1 chegou e com ele surgem as preocupa\u00e7\u00f5es com riscos de deslizamentos de encostas, o que causa acidentes graves e com mortes, principalmente, no Rio.&nbsp;<img decoding=\"async\" src=\"https:\/\/agenciabrasil.ebc.com.br\/ebc.png?id=1392052&amp;o=node\"><img decoding=\"async\" src=\"https:\/\/agenciabrasil.ebc.com.br\/ebc.gif?id=1392052&amp;o=node\"><\/p>\n\n\n\n<p>O professor da Faculdade de Geologia da Universidade do Estado do Rio de Janeiro (Uerj) e pesquisador, Francisco Dourado, disse que as chuvas come\u00e7am a ficar mais frequentes a partir de setembro, mas v\u00e3o se intensificando e a interfer\u00eancia no solo \u00e9 maior pr\u00f3ximo ao fim do ver\u00e3o, \u00e9poca em que h\u00e1 ac\u00famulo de \u00e1gua de todo o per\u00edodo. A\u00ed, a possibilidade de deslizamentos aumenta. O \u00fanico per\u00edodo em que os riscos s\u00e3o quase inexistentes \u00e9 entre maio e agosto, considerado mais seco.<\/p>\n\n\n\n<p>\u201cA gente v\u00ea uma concentra\u00e7\u00e3o mais para o fim do ver\u00e3o, porque vem de meses e meses de chuva e tem ac\u00famulo de \u00e1gua no solo, cada vez mais saturado. Quando acontece uma pancada no fim do ver\u00e3o \u00e9 quando ocorrem os piores problemas, j\u00e1 dizia Tom Jobim, \u201cs\u00e3o as \u00e1guas de mar\u00e7o fechando o ver\u00e3o\u201d, contou, em entrevista \u00e0&nbsp;<strong>Ag\u00eancia Brasil<\/strong>.<\/p>\n\n\n\n<p>Para o professor, a redu\u00e7\u00e3o de desastres e de risco, de uma maneira geral, \u00e9 um ciclo. Come\u00e7a com uma prepara\u00e7\u00e3o e preven\u00e7\u00e3o, depois uma atua\u00e7\u00e3o durante um desastre que possa ocorrer, seguida da fase de recupera\u00e7\u00e3o. Acabada a recupera\u00e7\u00e3o deve voltar para a fase de preven\u00e7\u00e3o. O problema \u00e9 que, segundo ele, historicamente, no Brasil, a preocupa\u00e7\u00e3o costuma ocorrer durante o desastre e nas obras depois dos desastres.<\/p>\n\n\n\n<p>\u201cA parte de preven\u00e7\u00e3o \u00e9 pouco trabalhada. A gente investe muito dinheiro no p\u00f3s, no depois do que aconteceu e pouco na preven\u00e7\u00e3o\u201d, disse acrescentando, no entanto, que depois da trag\u00e9dia que ocorreu Regi\u00e3o Serrana do Rio em 2011, \u201cos governos federal, estadual e municipal se viraram para a tem\u00e1tica de preven\u00e7\u00e3o, mas n\u00e3o no n\u00edvel desej\u00e1vel.\u201d<\/p>\n\n\n\n<h2 class=\"wp-block-heading\">Pouco investimento<\/h2>\n\n\n\n<p>Apesar da ado\u00e7\u00e3o de medidas para evitar os desastres ter melhorado, isso ainda n\u00e3o chegou ao n\u00edvel adequado. \u201cNa compara\u00e7\u00e3o com anos atr\u00e1s, a gente est\u00e1 um pouco melhor, mas ainda muito aqu\u00e9m do que deveria. Se investe muito pouco no mapeamento das \u00e1reas de risco e das \u00e1reas de susceptibilidades. Esses mapas t\u00eam fun\u00e7\u00f5es diferentes. O mapa de risco mostra onde tem a maior chance de perdas, ent\u00e3o, \u00e9 mais de atua\u00e7\u00e3o direta. O de suscetibilidades indica as \u00e1reas mais propensas aos movimentos de massa, inunda\u00e7\u00e3o, ou seja qual for o processo, que a gente esteja trabalhando, ent\u00e3o, serve mais como planejamento. Vejo que falta fazer muito para se chegar a uma situa\u00e7\u00e3o m\u00ednima aceit\u00e1vel\u201d, assegurou.<\/p>\n\n\n\n<p>\u201c\u00c0s vezes, a gente acorda com um grande evento. As pessoas ficam emocionadas com as mortes, mas passou o momento inicial, \u00e9 vida que segue e a\u00ed n\u00e3o h\u00e1 preocupa\u00e7\u00e3o em se preparar para os anos seguintes\u201d, afirmou.<\/p>\n\n\n\n<p>Na vis\u00e3o do professor, falta ao Brasil a cultura de prepara\u00e7\u00e3o de risco, que existe em outros pa\u00edses como o Jap\u00e3o e alguns pa\u00edses da Europa. \u201cPlanta no ver\u00e3o para ter comida no inverno. Aqui, a gente tem um lugar abundante, tem comida o tempo todo, tem \u00e1gua o tempo todo, mas n\u00e3o se trabalha com a quest\u00e3o da prepara\u00e7\u00e3o. Isso \u00e9 um exemplo que reverbera para outras \u00e1reas e termina caindo na redu\u00e7\u00e3o de riscos de desastres\u201d, garantiu.<\/p>\n\n\n\n<h2 class=\"wp-block-heading\">Ocupa\u00e7\u00e3o desordenada<\/h2>\n\n\n\n<p>Francisco Dourado afirmou, tamb\u00e9m,&nbsp; que a constru\u00e7\u00e3o irregular \u00e9 parte do problema. Na vis\u00e3o do pesquisador, o movimento de massa, termo usado para deslizamentos e inunda\u00e7\u00f5es de solo, e a ocupa\u00e7\u00e3o desordenada sempre v\u00e3o andar juntos, porque a primeira altera\u00e7\u00e3o que se verifica no local \u00e9 a canaliza\u00e7\u00e3o prec\u00e1ria de \u00e1gua, e isso acaba provocando a concentra\u00e7\u00e3o, resultando na reten\u00e7\u00e3o da \u00e1gua.&nbsp;<\/p>\n\n\n\n<p>O professor que trabalha com modelagem matem\u00e1tica, al\u00e9m da elabora\u00e7\u00e3o de mapas para identificar as \u00e1reas mais ou menos suscet\u00edveis, disse que a entrada do fator humano sai do controle de qualquer modelo.&nbsp;<\/p>\n\n\n\n<figure class=\"wp-block-image\"><img decoding=\"async\" src=\"https:\/\/imagens.ebc.com.br\/Z_5ysnSkW5ZP2hodC-FhXrVfWSk=\/754x0\/smart\/https:\/\/agenciabrasil.ebc.com.br\/sites\/default\/files\/thumbnails\/image\/ffraz_abr_17042019-2372_1.jpg?itok=LMwNGwyi\" alt=\"Estrada das Paineiras ainda afetada por deslizamentos de terra das chuvas que atingiram o Rio de Janeiro na semana passada e prejudicam o acesso ao Cristo Redentor e Parque Nacional da Tijuca.\" title=\"Fernando Fraz\u00e3o\/Ag\u00eancia Brasil\"\/><\/figure>\n\n\n\n<p>No Rio, a Estrada das Paineiras sofre deslizamento de terra decorrente das chuvas, o que significa riscos para motoristas e pedestres&nbsp; (Arquivo\/Fernando Fraz\u00e3o\/Ag\u00eancia Brasil)<\/p>\n\n\n\n<p>\u201cQualquer lugar onde tem rompimento da drenagem a \u00e1gua vai acumular ali e quando se acumula muita \u00e1gua no fundo est\u00e1 potencializando um movimento de massa naquele lugar e o problema est\u00e1 formado\u201d, afirmou, destacando tr\u00eas tipos de processos perigosos.&nbsp;<\/p>\n\n\n\n<p>\u201cTem o das encostas, h\u00e1 os elementos expostos que s\u00e3o as pessoas e tem o gatilho, o fator detonador que \u00e9 a concentra\u00e7\u00e3o de \u00e1gua em um ponto. \u00c9 uma bomba rel\u00f3gio, que infelizmente a gente v\u00ea praticamente em todas as ocupa\u00e7\u00f5es irregulares\u201d, alertou.<\/p>\n\n\n\n<p>Segundo ele, a retirada de pessoas dos locais de risco enfrenta quest\u00f5es diferentes, porque infelizmente \u00e9 comum se tirar uma fam\u00edlia de uma \u00e1rea de risco, levar para uma outra \u00e1rea e ela voltar. Nesse caso, o pesquisador avaliou que as responsabilidades precisam ser compartilhadas pelos gestores, governador e prefeito, mas tamb\u00e9m pela pr\u00f3pria popula\u00e7\u00e3o.&nbsp;<\/p>\n\n\n\n<p>\u201c\u00c9 preciso mostrar que ela tamb\u00e9m tem essa responsabilidade, uma coisa compartilhada. Quando exponho a minha fam\u00edlia e meus filhos a uma situa\u00e7\u00e3o de risco, \u00f3bvio que h\u00e1 casos e casos e precisa analisar, sempre vai ser uma responsabilidade. Os governos tamb\u00e9m t\u00eam responsabilidade de n\u00e3o permitir que essas pessoas fiquem em \u00e1reas de risco. \u00c9 um problema social e pol\u00edtico\u201d, observou. Em algumas \u00e1reas de risco h\u00e1 fam\u00edlias que apontam quest\u00f5es econ\u00f4micas para a perman\u00eancia nesses locais.<\/p>\n\n\n\n<p>Para o professor, o que menos pesa nessa quest\u00e3o \u00e9 o problema geol\u00f3gico, que entende ser relativamente simples e pode ser resolvido com a elabora\u00e7\u00e3o de mapas de identifica\u00e7\u00e3o das \u00e1reas de risco. \u201cA gente mapeia e v\u00ea onde cai, onde n\u00e3o cai, onde n\u00e3o inunda, s\u00f3 que por tr\u00e1s tem problema social e pol\u00edtico de dif\u00edcil solu\u00e7\u00e3o\u201d, completou.<\/p>\n\n\n\n<h2 class=\"wp-block-heading\">\u00c1reas complicadas<\/h2>\n\n\n\n<p>Para ele, todas as \u00e1reas assentadas nos morros s\u00e3o complicadas e isso significa uma preocupa\u00e7\u00e3o maior no Rio de Janeiro. No entanto, na regi\u00e3o metropolitana e no interior h\u00e1 muita \u00e1rea sens\u00edvel.&nbsp;<\/p>\n\n\n\n<p>No caso da capital, como a densidade \u00e9 maior com mais pessoas agrupadas, elas acabam sendo priorizadas, mas o interior j\u00e1 registra um aumento no \u00eaxodo de pessoas que v\u00e3o para l\u00e1 em busca de melhor situa\u00e7\u00e3o financeira ou por seguran\u00e7a.&nbsp;<\/p>\n\n\n\n<p>\u201cEsse problema est\u00e1 indo para l\u00e1 tamb\u00e9m. A ocupa\u00e7\u00e3o irregular est\u00e1 aumentando no interior. Junto com isso est\u00e1 levando um problema de seguran\u00e7a p\u00fablica obviamente e o problema de seguran\u00e7a geol\u00f3gica em rela\u00e7\u00e3o aos movimentos de massa e de inunda\u00e7\u00e3o\u201d, disse.<\/p>\n\n\n\n<h2 class=\"wp-block-heading\">Alerta<\/h2>\n\n\n\n<p>A Secretaria de Estado de Defesa Civil do Rio de Janeiro (Sedec-RJ) mant\u00e9m um servi\u00e7o de alerta de desastres naturais por meio de envio de SMS. O cadastro \u00e9 gratuito e para receber as mensagens a pessoa interessada deve apenas enviar o CEP (C\u00f3digo de Endere\u00e7amento Postal) da sua localidade para o n\u00famero 40199. Se quiser mais informa\u00e7\u00f5es pode consultar o&nbsp;<a href=\"http:\/\/www.defesacivil.rj.gov.br\/\" target=\"_blank\" rel=\"noreferrer noopener\">site<\/a>.<\/p>\n\n\n\n<h2 class=\"wp-block-heading\">Cuidados<\/h2>\n\n\n\n<p>A secretaria orienta que, em caso de deslizamentos, se a pessoa tiver que sair de casa, que desligue o g\u00e1s e os disjuntores de energia el\u00e9trica. Deve avaliar tamb\u00e9m se a casa apresenta rachaduras, se as portas abrem e fecham com a mesma facilidade de antes, se h\u00e1 estufamento nos muros ou rachaduras no solo e se h\u00e1 \u00e1gua minando no p\u00e9 da encosta. \u201cCaso constate essas altera\u00e7\u00f5es, entre em contato com a Defesa Civil Municipal (Tel: 199), informe as mudan\u00e7as verificadas e atenda \u00e0s orienta\u00e7\u00f5es\u201d.<\/p>\n\n\n\n<p>A secretaria tamb\u00e9m informou que, em caso de previs\u00e3o de chuva forte, a popula\u00e7\u00e3o precisa tirar das ruas os sacos de lixo, que ainda aguardam recolhimento pela companhia de limpeza urbana. Se residir em \u00e1rea suscet\u00edvel a deslizamentos e inunda\u00e7\u00f5es, deve-se verificar a exist\u00eancia de uma rota de fuga para local seguro e ficar atenta aos alertas feitos por SMS e aos toques de sirenes. Outra sugest\u00e3o \u00e9 que prepare um kit com a sua documenta\u00e7\u00e3o, medicamentos controlados, material de higiene e limpeza b\u00e1sico e uma muda de roupas para o caso de ter que sair de casa.<\/p>\n\n\n\n<h2 class=\"wp-block-heading\">Manter a calma<\/h2>\n\n\n\n<p>Uma outra orienta\u00e7\u00e3o da Defesa Civil \u00e9 n\u00e3o ter pressa para voltar para casa e se manter em local seguro. \u201cQuando ocorrem chuvas fortes, as pessoas se apressam para chegar em casa e acabam por ignorar os riscos que enfrentar\u00e3o no trajeto. Nossa sugest\u00e3o \u00e9 para que as pessoas n\u00e3o tenham pressa. Caso estejam em local seguro, permane\u00e7am at\u00e9 que a chuva e as consequ\u00eancias dela estejam sob controle\u201d, opinou.<\/p>\n\n\n\n<p>J\u00e1 em casos de inunda\u00e7\u00f5es o recomendado \u00e9 procurar um lugar seguro, plano e que fique a um n\u00edvel elevado do solo. \u201cAs pessoas n\u00e3o devem atravessar \u00e1reas alagadas ou inundadas a p\u00e9, pois h\u00e1 risco de choque, queda em buracos ou bueiros abertos, al\u00e9m da possibilidade de se contrair doen\u00e7as. Caso esteja de carro, verifique se a \u00e1gua ultrapassa 1\/4 do pneu, pois acima deste n\u00edvel h\u00e1 elevado risco de o carro perder a dirigibilidade e ser conduzido pela correnteza\u201d, apontou.<\/p>\n\n\n\n<p>Se houver ventos fortes, o melhor \u00e9 se manter abrigado em local de estrutura firme, como casas e estabelecimentos comerciais. No caso de falta de luz, todos os equipamentos el\u00e9tricos poss\u00edveis devem ser desligados. \u201cOpte por lanternas, e n\u00e3o por velas, mas caso a substitui\u00e7\u00e3o n\u00e3o seja poss\u00edvel, mantenha a vela em um suporte com \u00e1gua e apague-a antes de dormir\u201d, finalizou.<\/p>\n\n\n\n<p>Edi\u00e7\u00e3o: Kleber Sampaio<\/p>\n","protected":false},"excerpt":{"rendered":"<p>Ele diz que redu\u00e7\u00e3o de desastres e de risco \u00e9 um ciclo Por Cristina \u00cdndio<\/p>\n","protected":false},"author":2,"featured_media":4715,"comment_status":"open","ping_status":"open","sticky":false,"template":"","format":"standard","meta":{"footnotes":""},"categories":[17],"tags":[],"class_list":["post-4714","post","type-post","status-publish","format-standard","has-post-thumbnail","hentry","category-outras-noticias"],"_links":{"self":[{"href":"https:\/\/tvc16.com\/portal\/wp-json\/wp\/v2\/posts\/4714","targetHints":{"allow":["GET"]}}],"collection":[{"href":"https:\/\/tvc16.com\/portal\/wp-json\/wp\/v2\/posts"}],"about":[{"href":"https:\/\/tvc16.com\/portal\/wp-json\/wp\/v2\/types\/post"}],"author":[{"embeddable":true,"href":"https:\/\/tvc16.com\/portal\/wp-json\/wp\/v2\/users\/2"}],"replies":[{"embeddable":true,"href":"https:\/\/tvc16.com\/portal\/wp-json\/wp\/v2\/comments?post=4714"}],"version-history":[{"count":1,"href":"https:\/\/tvc16.com\/portal\/wp-json\/wp\/v2\/posts\/4714\/revisions"}],"predecessor-version":[{"id":4716,"href":"https:\/\/tvc16.com\/portal\/wp-json\/wp\/v2\/posts\/4714\/revisions\/4716"}],"wp:featuredmedia":[{"embeddable":true,"href":"https:\/\/tvc16.com\/portal\/wp-json\/wp\/v2\/media\/4715"}],"wp:attachment":[{"href":"https:\/\/tvc16.com\/portal\/wp-json\/wp\/v2\/media?parent=4714"}],"wp:term":[{"taxonomy":"category","embeddable":true,"href":"https:\/\/tvc16.com\/portal\/wp-json\/wp\/v2\/categories?post=4714"},{"taxonomy":"post_tag","embeddable":true,"href":"https:\/\/tvc16.com\/portal\/wp-json\/wp\/v2\/tags?post=4714"}],"curies":[{"name":"wp","href":"https:\/\/api.w.org\/{rel}","templated":true}]}}