{"id":4723,"date":"2020-11-02T20:50:15","date_gmt":"2020-11-02T20:50:15","guid":{"rendered":"https:\/\/tvc16.com\/portal\/?p=4723"},"modified":"2020-11-02T20:50:15","modified_gmt":"2020-11-02T20:50:15","slug":"policia-de-viena-faz-megaoperacao-apos-tiros-perto-de-sinagoga","status":"publish","type":"post","link":"https:\/\/tvc16.com\/portal\/2020\/11\/02\/policia-de-viena-faz-megaoperacao-apos-tiros-perto-de-sinagoga\/","title":{"rendered":"Pol\u00edcia de Viena faz megaopera\u00e7\u00e3o ap\u00f3s tiros perto de sinagoga"},"content":{"rendered":"\n<h2 class=\"wp-block-heading\">Jornal local informou que\u00a0um ataque a tiros ocorreu na rua que abriga a principal sinagoga da cidade, pr\u00f3ximo da pra\u00e7a Schwedenplatz<\/h2>\n\n\n\n<p><strong>Do R7, com Reuters<\/strong><\/p>\n\n\n\n<p>Uma grande opera\u00e7\u00e3o policial est\u00e1 em curso no centro de Viena, disse um porta-voz da pol\u00edcia na noite de segunda-feira (2), enquanto o jornal&nbsp;<em>Kronen Zeitung&nbsp;<\/em>noticiava um ataque a uma sinagoga e tiros. H\u00e1 informa\u00e7\u00e3o de pessoas feridas no local.<\/p>\n\n\n\n<p>Quando questionado sobre o motivo da opera\u00e7\u00e3o, o porta-voz n\u00e3o quis comentar. O jornal informou que o ataque ocorreu na rua que abriga a principal sinagoga da cidade. Ele e outros meios de comunica\u00e7\u00e3o relataram tiros disparados na \u00e1rea de uma pra\u00e7a pr\u00f3xima, Schwedenplatz.<\/p>\n\n\n\n<p>Segundo o jornal&nbsp;<em>Kronen Zeitung<\/em>, o que ocorreu seria um ataque terrorista, j\u00e1 que um dos suspeitos teria acionado um dispositivo explosivo. Segundo o Minist\u00e9rio do Interior, pelo menos um suspeito foi morto e um policial est\u00e1 gravemente ferido.<\/p>\n\n\n\n<p>A pol\u00edcia pediu para a popula\u00e7\u00e3o ficar em casa. &#8220;Tiroteio no distrito &#8211; pessoas feridas &#8211; mantenha-se afastado de todos os lugares p\u00fablicos ou transporte p\u00fablico&#8221;, disse a pol\u00edcia no Twitter.<\/p>\n","protected":false},"excerpt":{"rendered":"<p>Tiroteio pr\u00f3ximo de uma sinagoga no centro de Viena deixou feridos<br \/>\nLisi Niesner\/Reuters &#8211; 19.10.2020<\/p>\n","protected":false},"author":2,"featured_media":4724,"comment_status":"open","ping_status":"open","sticky":false,"template":"","format":"standard","meta":{"footnotes":""},"categories":[22],"tags":[],"class_list":["post-4723","post","type-post","status-publish","format-standard","has-post-thumbnail","hentry","category-internacional"],"_links":{"self":[{"href":"https:\/\/tvc16.com\/portal\/wp-json\/wp\/v2\/posts\/4723","targetHints":{"allow":["GET"]}}],"collection":[{"href":"https:\/\/tvc16.com\/portal\/wp-json\/wp\/v2\/posts"}],"about":[{"href":"https:\/\/tvc16.com\/portal\/wp-json\/wp\/v2\/types\/post"}],"author":[{"embeddable":true,"href":"https:\/\/tvc16.com\/portal\/wp-json\/wp\/v2\/users\/2"}],"replies":[{"embeddable":true,"href":"https:\/\/tvc16.com\/portal\/wp-json\/wp\/v2\/comments?post=4723"}],"version-history":[{"count":1,"href":"https:\/\/tvc16.com\/portal\/wp-json\/wp\/v2\/posts\/4723\/revisions"}],"predecessor-version":[{"id":4725,"href":"https:\/\/tvc16.com\/portal\/wp-json\/wp\/v2\/posts\/4723\/revisions\/4725"}],"wp:featuredmedia":[{"embeddable":true,"href":"https:\/\/tvc16.com\/portal\/wp-json\/wp\/v2\/media\/4724"}],"wp:attachment":[{"href":"https:\/\/tvc16.com\/portal\/wp-json\/wp\/v2\/media?parent=4723"}],"wp:term":[{"taxonomy":"category","embeddable":true,"href":"https:\/\/tvc16.com\/portal\/wp-json\/wp\/v2\/categories?post=4723"},{"taxonomy":"post_tag","embeddable":true,"href":"https:\/\/tvc16.com\/portal\/wp-json\/wp\/v2\/tags?post=4723"}],"curies":[{"name":"wp","href":"https:\/\/api.w.org\/{rel}","templated":true}]}}