{"id":4727,"date":"2020-11-03T03:58:48","date_gmt":"2020-11-03T03:58:48","guid":{"rendered":"https:\/\/tvc16.com\/portal\/?p=4727"},"modified":"2020-11-03T03:58:48","modified_gmt":"2020-11-03T03:58:48","slug":"ajax-sofre-surto-de-covid-19-na-vespera-de-jogo-da-liga-dos-campeoes","status":"publish","type":"post","link":"https:\/\/tvc16.com\/portal\/2020\/11\/03\/ajax-sofre-surto-de-covid-19-na-vespera-de-jogo-da-liga-dos-campeoes\/","title":{"rendered":"Ajax sofre surto de covid-19 na v\u00e9spera de jogo da Liga dos Campe\u00f5es"},"content":{"rendered":"\n<h3 class=\"wp-block-heading\">Time holand\u00eas relacionou 17 jogadores para duelo contra o Midtjylland<\/h3>\n\n\n\n<h4 class=\"wp-block-heading\">Por Reuters Staff &#8211; Amsterd\u00e3<\/h4>\n\n\n\n<figure class=\"wp-block-image\"><a href=\"https:\/\/br.reuters.com\/\" target=\"_blank\" rel=\"noreferrer noopener\"><img decoding=\"async\" src=\"https:\/\/agenciabrasil.ebc.com.br\/sites\/default\/files\/styles\/269x0\/public\/logo_parceiros\/logo_reuters.jpg?itok=1pP189Lc\" alt=\"Reuters\"\/><\/a><\/figure>\n\n\n\n<p>O&nbsp;Ajax&nbsp;ter\u00e1 apenas 17 jogadores dispon\u00edveis para o confronto da Liga dos Campe\u00f5es amanh\u00e3 (3)&nbsp;contra o Midtjylland, na Dinamarca, depois que v\u00e1rios jogadores foram descartados por testarem positivo para o novo coronav\u00edrus (covid-19), afirmou o t\u00e9cnico Erik ten Hag nesta segunda-feira (2). No entanto, ele disse que n\u00e3o poderia falar sobre casos individuais devido a leis de privacidade.<img decoding=\"async\" src=\"https:\/\/agenciabrasil.ebc.com.br\/ebc.png?id=1392078&amp;o=node\"><img decoding=\"async\" src=\"https:\/\/agenciabrasil.ebc.com.br\/ebc.gif?id=1392078&amp;o=node\"><\/p>\n\n\n\n<p>O capit\u00e3o Dusan Tadic, o goleiro Andre Onana e os meio-campistas Davy Klaassen e Ryan Gravenberch est\u00e3o entre os que ficaram na Holanda. Os goleiros reservas Maarten Stekelenburg e Dominik Kotarski tamb\u00e9m n\u00e3o viajaram, deixando o clube com apenas um goleiro, Kjell Scherpen, para a partida em&nbsp; (Dinamarca).&nbsp;O jogador de 20 anos ainda n\u00e3o estreou pelo time holand\u00eas.&nbsp;<\/p>\n\n\n\n<p>O&nbsp;Ajax&nbsp;publicou uma lista de 17 jogadores sem coment\u00e1rios em seu site, e Ten Hag evitou perguntas sobre aqueles que n\u00e3o viajaram, quando questionado na entrevista coletiva pr\u00e9-jogo desta segunda (2). O treinador disse que os jogadores do&nbsp;Ajax&nbsp;foram testados na segunda-feira e que o clube esteve em discuss\u00e3o durante o dia com v\u00e1rias autoridades sobre quem poderia viajar para a Dinamarca. Ele tamb\u00e9m afirmou estar esperan\u00e7oso de que alguns dos que ficaram para tr\u00e1s possam viajar amanha (3) para se juntar ao restante da equipe.<\/p>\n\n\n\n<p>O&nbsp;Ajax&nbsp;busca sua primeira vit\u00f3ria no Grupo D da Champions League.<\/p>\n","protected":false},"excerpt":{"rendered":"<p>Time holand\u00eas relacionou 17 jogadores para duelo contra o Midtjylland Por Reuters Staff &#8211; Amsterd\u00e3<\/p>\n","protected":false},"author":2,"featured_media":4728,"comment_status":"open","ping_status":"open","sticky":false,"template":"","format":"standard","meta":{"footnotes":""},"categories":[20],"tags":[],"class_list":["post-4727","post","type-post","status-publish","format-standard","has-post-thumbnail","hentry","category-esporte"],"_links":{"self":[{"href":"https:\/\/tvc16.com\/portal\/wp-json\/wp\/v2\/posts\/4727","targetHints":{"allow":["GET"]}}],"collection":[{"href":"https:\/\/tvc16.com\/portal\/wp-json\/wp\/v2\/posts"}],"about":[{"href":"https:\/\/tvc16.com\/portal\/wp-json\/wp\/v2\/types\/post"}],"author":[{"embeddable":true,"href":"https:\/\/tvc16.com\/portal\/wp-json\/wp\/v2\/users\/2"}],"replies":[{"embeddable":true,"href":"https:\/\/tvc16.com\/portal\/wp-json\/wp\/v2\/comments?post=4727"}],"version-history":[{"count":1,"href":"https:\/\/tvc16.com\/portal\/wp-json\/wp\/v2\/posts\/4727\/revisions"}],"predecessor-version":[{"id":4729,"href":"https:\/\/tvc16.com\/portal\/wp-json\/wp\/v2\/posts\/4727\/revisions\/4729"}],"wp:featuredmedia":[{"embeddable":true,"href":"https:\/\/tvc16.com\/portal\/wp-json\/wp\/v2\/media\/4728"}],"wp:attachment":[{"href":"https:\/\/tvc16.com\/portal\/wp-json\/wp\/v2\/media?parent=4727"}],"wp:term":[{"taxonomy":"category","embeddable":true,"href":"https:\/\/tvc16.com\/portal\/wp-json\/wp\/v2\/categories?post=4727"},{"taxonomy":"post_tag","embeddable":true,"href":"https:\/\/tvc16.com\/portal\/wp-json\/wp\/v2\/tags?post=4727"}],"curies":[{"name":"wp","href":"https:\/\/api.w.org\/{rel}","templated":true}]}}