{"id":4736,"date":"2020-11-03T14:22:45","date_gmt":"2020-11-03T14:22:45","guid":{"rendered":"https:\/\/tvc16.com\/portal\/?p=4736"},"modified":"2020-11-03T14:22:45","modified_gmt":"2020-11-03T14:22:45","slug":"homem-e-assassinado-no-independencia-policia-investiga-o-caso","status":"publish","type":"post","link":"https:\/\/tvc16.com\/portal\/2020\/11\/03\/homem-e-assassinado-no-independencia-policia-investiga-o-caso\/","title":{"rendered":"Homem \u00e9 assassinado no Independ\u00eancia. Pol\u00edcia investiga o caso"},"content":{"rendered":"\n<p>A noite desta segunda-feira (02) no Alto Independ\u00eancia foi assustadora para quem vive na regi\u00e3o. Por volta das 23h30, tr\u00eas disparos de arma de fogo foram ouvidos na Rua \u00c2ngelo Jo\u00e3o Brand. Ao checarem o que havia ocorrido testemunhas se depararam com Marco Ant\u00f4nio Soares da Silva, de 38 anos, ca\u00eddo no ch\u00e3o j\u00e1 sem vida. A Pol\u00edcia Militar foi acionada e chamou uma equipe de per\u00edcia.<\/p>\n\n\n\n<p>Ap\u00f3s avalia\u00e7\u00e3o do local o corpo da v\u00edtima foi encaminhado para o Instituto M\u00e9dico Legal (IML), em Corr\u00eaas. De acordo com a PM, todos os tiros foram disparados no rosto de Marco, que tinha passagem pela pol\u00edcia por tr\u00e1fico de drogas e havia deixado o sistema prisional em agosto deste ano. Vale ressaltar, que no local n\u00e3o foram encontradas as c\u00e1psulas da arma utilizada no assassinato, nem informa\u00e7\u00f5es preliminares que indicassem os poss\u00edveis envolvidos no crime.<\/p>\n\n\n\n<p>O caso foi registrado na 105\u00aa Delegacia de Pol\u00edcia, no Retiro, onde o caso est\u00e1 sendo investigado.<\/p>\n","protected":false},"excerpt":{"rendered":"<p>A noite desta segunda-feira (02) no Alto Independ\u00eancia foi assustadora para quem vive na regi\u00e3o.<\/p>\n","protected":false},"author":2,"featured_media":4737,"comment_status":"open","ping_status":"open","sticky":false,"template":"","format":"standard","meta":{"footnotes":""},"categories":[12],"tags":[],"class_list":["post-4736","post","type-post","status-publish","format-standard","has-post-thumbnail","hentry","category-cidade"],"_links":{"self":[{"href":"https:\/\/tvc16.com\/portal\/wp-json\/wp\/v2\/posts\/4736","targetHints":{"allow":["GET"]}}],"collection":[{"href":"https:\/\/tvc16.com\/portal\/wp-json\/wp\/v2\/posts"}],"about":[{"href":"https:\/\/tvc16.com\/portal\/wp-json\/wp\/v2\/types\/post"}],"author":[{"embeddable":true,"href":"https:\/\/tvc16.com\/portal\/wp-json\/wp\/v2\/users\/2"}],"replies":[{"embeddable":true,"href":"https:\/\/tvc16.com\/portal\/wp-json\/wp\/v2\/comments?post=4736"}],"version-history":[{"count":1,"href":"https:\/\/tvc16.com\/portal\/wp-json\/wp\/v2\/posts\/4736\/revisions"}],"predecessor-version":[{"id":4738,"href":"https:\/\/tvc16.com\/portal\/wp-json\/wp\/v2\/posts\/4736\/revisions\/4738"}],"wp:featuredmedia":[{"embeddable":true,"href":"https:\/\/tvc16.com\/portal\/wp-json\/wp\/v2\/media\/4737"}],"wp:attachment":[{"href":"https:\/\/tvc16.com\/portal\/wp-json\/wp\/v2\/media?parent=4736"}],"wp:term":[{"taxonomy":"category","embeddable":true,"href":"https:\/\/tvc16.com\/portal\/wp-json\/wp\/v2\/categories?post=4736"},{"taxonomy":"post_tag","embeddable":true,"href":"https:\/\/tvc16.com\/portal\/wp-json\/wp\/v2\/tags?post=4736"}],"curies":[{"name":"wp","href":"https:\/\/api.w.org\/{rel}","templated":true}]}}