{"id":4742,"date":"2020-11-03T15:36:55","date_gmt":"2020-11-03T15:36:55","guid":{"rendered":"https:\/\/tvc16.com\/portal\/?p=4742"},"modified":"2020-11-03T15:36:55","modified_gmt":"2020-11-03T15:36:55","slug":"homens-sao-presos-pela-pm-com-drogas-em-correas","status":"publish","type":"post","link":"https:\/\/tvc16.com\/portal\/2020\/11\/03\/homens-sao-presos-pela-pm-com-drogas-em-correas\/","title":{"rendered":"Homens s\u00e3o presos pela PM com drogas em Corr\u00eaas"},"content":{"rendered":"\n<p>A Pol\u00edcia Militar recebeu informa\u00e7\u00f5es na segunda-feira (02) sobre dois traficantes que estavam na Rua Jose Geraldo de Souza, em Corr\u00eaas, escondendo drogas pr\u00f3ximo a uma casa. Assim que chegaram ao local os dois suspeitos, de 22 e 23 anos, tentaram fugir. Um deles foi apontado com sendo o gerente do tr\u00e1fico na regi\u00e3o e o outro tesoureiro. Nos fundos do im\u00f3vel os agentes apreenderam sete c\u00e1psulas de coca\u00edna (14g), tr\u00eas sacol\u00e9s com a mesma droga (982g), 13 tabletes de maconha (995g), dois r\u00e1dios transmissores, um celular, seis muni\u00e7\u00f5es e R$ 150 em dinheiro.<\/p>\n\n\n\n<p>De acordo com a PM, durante a pris\u00e3o um dos acusados amea\u00e7ou os agentes e afirmou que haveria certo de contas posteriormente. Ambos foram levados para a 105\u00aa Delegacia de Pol\u00edcia, no Retiro, onde foram autuados por tr\u00e1fico de drogas e associa\u00e7\u00e3o pelo mesmo crime. Os dois permaneceram presos e ficaram \u00e0 disposi\u00e7\u00e3o das autoridades.<\/p>\n","protected":false},"excerpt":{"rendered":"<p>A Pol\u00edcia Militar recebeu informa\u00e7\u00f5es na segunda-feira (02) sobre dois traficantes que estavam na Rua<\/p>\n","protected":false},"author":2,"featured_media":4743,"comment_status":"open","ping_status":"open","sticky":false,"template":"","format":"standard","meta":{"footnotes":""},"categories":[12],"tags":[],"class_list":["post-4742","post","type-post","status-publish","format-standard","has-post-thumbnail","hentry","category-cidade"],"_links":{"self":[{"href":"https:\/\/tvc16.com\/portal\/wp-json\/wp\/v2\/posts\/4742","targetHints":{"allow":["GET"]}}],"collection":[{"href":"https:\/\/tvc16.com\/portal\/wp-json\/wp\/v2\/posts"}],"about":[{"href":"https:\/\/tvc16.com\/portal\/wp-json\/wp\/v2\/types\/post"}],"author":[{"embeddable":true,"href":"https:\/\/tvc16.com\/portal\/wp-json\/wp\/v2\/users\/2"}],"replies":[{"embeddable":true,"href":"https:\/\/tvc16.com\/portal\/wp-json\/wp\/v2\/comments?post=4742"}],"version-history":[{"count":1,"href":"https:\/\/tvc16.com\/portal\/wp-json\/wp\/v2\/posts\/4742\/revisions"}],"predecessor-version":[{"id":4744,"href":"https:\/\/tvc16.com\/portal\/wp-json\/wp\/v2\/posts\/4742\/revisions\/4744"}],"wp:featuredmedia":[{"embeddable":true,"href":"https:\/\/tvc16.com\/portal\/wp-json\/wp\/v2\/media\/4743"}],"wp:attachment":[{"href":"https:\/\/tvc16.com\/portal\/wp-json\/wp\/v2\/media?parent=4742"}],"wp:term":[{"taxonomy":"category","embeddable":true,"href":"https:\/\/tvc16.com\/portal\/wp-json\/wp\/v2\/categories?post=4742"},{"taxonomy":"post_tag","embeddable":true,"href":"https:\/\/tvc16.com\/portal\/wp-json\/wp\/v2\/tags?post=4742"}],"curies":[{"name":"wp","href":"https:\/\/api.w.org\/{rel}","templated":true}]}}