{"id":4746,"date":"2020-11-03T15:49:35","date_gmt":"2020-11-03T15:49:35","guid":{"rendered":"https:\/\/tvc16.com\/portal\/?p=4746"},"modified":"2020-11-03T15:49:35","modified_gmt":"2020-11-03T15:49:35","slug":"adolescente-morre-apos-acidente-em-madame-machado-no-ultimo-domingo","status":"publish","type":"post","link":"https:\/\/tvc16.com\/portal\/2020\/11\/03\/adolescente-morre-apos-acidente-em-madame-machado-no-ultimo-domingo\/","title":{"rendered":"Adolescente morre ap\u00f3s acidente em Madame Machado no \u00faltimo domingo"},"content":{"rendered":"\n<p>Uma adolescente, de 15 anos, que estava em um ve\u00edculo atingido por outro autom\u00f3vel no domingo (01), na Estrada Phil\u00favio Cerqueira Rodrigues, em Itaipava, na altura da localidade de Madame Machado, n\u00e3o resistiu aos ferimentos e morreu no Hospital Santa Teresa (HST). A Pol\u00edcia Civil instaurou inqu\u00e9rito para investigar o acidente.<\/p>\n\n\n\n<p>A colis\u00e3o foi registrada, por volta das 10h. Um ve\u00edculo modelo Astra seguia para Itaipava quando invadiu a pista no sentido contr\u00e1rio e colidiu de frente com o carro modelo Fiesta, que seguia no sentido Teres\u00f3polis. Os quatro ocupantes, que s\u00e3o da mesma fam\u00edlia ficaram feridos, entre elas a jovem de 15 anos que morreu.<\/p>\n","protected":false},"excerpt":{"rendered":"<p>Uma adolescente, de 15 anos, que estava em um ve\u00edculo atingido por outro autom\u00f3vel no<\/p>\n","protected":false},"author":2,"featured_media":4747,"comment_status":"open","ping_status":"open","sticky":false,"template":"","format":"standard","meta":{"footnotes":""},"categories":[12],"tags":[],"class_list":["post-4746","post","type-post","status-publish","format-standard","has-post-thumbnail","hentry","category-cidade"],"_links":{"self":[{"href":"https:\/\/tvc16.com\/portal\/wp-json\/wp\/v2\/posts\/4746","targetHints":{"allow":["GET"]}}],"collection":[{"href":"https:\/\/tvc16.com\/portal\/wp-json\/wp\/v2\/posts"}],"about":[{"href":"https:\/\/tvc16.com\/portal\/wp-json\/wp\/v2\/types\/post"}],"author":[{"embeddable":true,"href":"https:\/\/tvc16.com\/portal\/wp-json\/wp\/v2\/users\/2"}],"replies":[{"embeddable":true,"href":"https:\/\/tvc16.com\/portal\/wp-json\/wp\/v2\/comments?post=4746"}],"version-history":[{"count":1,"href":"https:\/\/tvc16.com\/portal\/wp-json\/wp\/v2\/posts\/4746\/revisions"}],"predecessor-version":[{"id":4748,"href":"https:\/\/tvc16.com\/portal\/wp-json\/wp\/v2\/posts\/4746\/revisions\/4748"}],"wp:featuredmedia":[{"embeddable":true,"href":"https:\/\/tvc16.com\/portal\/wp-json\/wp\/v2\/media\/4747"}],"wp:attachment":[{"href":"https:\/\/tvc16.com\/portal\/wp-json\/wp\/v2\/media?parent=4746"}],"wp:term":[{"taxonomy":"category","embeddable":true,"href":"https:\/\/tvc16.com\/portal\/wp-json\/wp\/v2\/categories?post=4746"},{"taxonomy":"post_tag","embeddable":true,"href":"https:\/\/tvc16.com\/portal\/wp-json\/wp\/v2\/tags?post=4746"}],"curies":[{"name":"wp","href":"https:\/\/api.w.org\/{rel}","templated":true}]}}