{"id":4750,"date":"2020-11-03T16:34:02","date_gmt":"2020-11-03T16:34:02","guid":{"rendered":"https:\/\/tvc16.com\/portal\/?p=4750"},"modified":"2020-11-03T16:34:02","modified_gmt":"2020-11-03T16:34:02","slug":"bispo-diocesano-dom-gregorio-paixao-celebra-aniversario-nesta-terca-feira","status":"publish","type":"post","link":"https:\/\/tvc16.com\/portal\/2020\/11\/03\/bispo-diocesano-dom-gregorio-paixao-celebra-aniversario-nesta-terca-feira\/","title":{"rendered":"Bispo diocesano dom Greg\u00f3rio Paix\u00e3o celebra anivers\u00e1rio nesta ter\u00e7a-feira"},"content":{"rendered":"\n<p>Nesta ter\u00e7a-feira (03), o bispo diocesano Dom Greg\u00f3rio Paix\u00e3o, OSB, celebra 56 anos de vida. A Diocese de Petr\u00f3polis fez uma homenagem a ele nas redes sociais e o parabenizou pelo anivers\u00e1rio. Dom Greg\u00f3rio \u00e9 um dos bispos que comp\u00f5e a Comiss\u00e3o Episcopal para Cultura da CNBB. Ele foi eleito bispo de Petr\u00f3polis, no dia 10 de outubro de 2012 pelo Santo Padre, o Papa Bento XVI, e tomou posse no dia 16 de dezembro do mesmo ano.<\/p>\n\n\n\n<p>Na nota de homenagem os fi\u00e9is pediram pela vida de Dom Greg\u00f3rio. \u201cPedimos que a Virgem Maria interceda por ele e o guarde, e que ele continue a seguir os passos e testemunho de S\u00e3o Bento\u201d, diz o texto.<\/p>\n\n\n\n<p>Dom Greg\u00f3rio Paix\u00e3o nasceu em Aracaju (Sergipe), \u00e9 filho de Jos\u00e9 Greg\u00f3rio e Josefa Bernadete Paix\u00e3o Greg\u00f3rio e possui quatro irm\u00e3os, sendo um deles monge beneditino. Cursou o ensino fundamental e m\u00e9dio no Col\u00e9gio Salesiano de Aracaju. Ingressou no Mosteiro de S\u00e3o Bento da Bahia em 1983, professando em 1989.<\/p>\n\n\n\n<p>No Mosteiro de S\u00e3o Bento da Bahia exerceu quase todos os of\u00edcios mon\u00e1sticos, como o de bibliotec\u00e1rio; mestre de coro; organista; mestre de novi\u00e7os; ec\u00f4nomo; arquivista; prior, dentre outros. Durante o per\u00edodo de forma\u00e7\u00e3o cursou piano e \u00f3rg\u00e3o de tubos no Instituto de M\u00fasica da Universidade Cat\u00f3lica do Salvador. Ele ainda estudou artes pl\u00e1sticas no atelier do renomado pintor Waldo Robatto.Em 1987, foi enviado para o Mosteiro de S\u00e3o Bento do Rio de Janeiro a fim de cursar filosofia e teologia na Escola da Congrega\u00e7\u00e3o Beneditina do Brasil, vinculada ao Pontif\u00edcium Athenaeum Anselmianum, de Roma, recebendo nota m\u00e1xima pela tese \u201cO Pante\u00e3o Nag\u00f4, Aspectos Hagiogr\u00e1ficos do Candombl\u00e9 da Bahia, Elementos M\u00edticos e Hist\u00f3ricos\u201d.<\/p>\n\n\n\n<p>Em 18 de julho de 1992 foi ordenado di\u00e1cono por Dom Ricardo Weberberger, OSB e, em 21 de mar\u00e7o de 1993, foi ordenado presb\u00edtero por Dom Lucas Cardeal Moreira Neves. Dom Greg\u00f3rio possui doutorado em Antropologia Cultural pela Universidade Aberta de Amsterd\u00e3 (Holanda), da qual \u00e9 professor convidado desde 1998. Foi Diretor do Col\u00e9gio S\u00e3o Bento da Bahia; da Faculdade S\u00e3o Bento, assim como da Revista An\u00e1lise e S\u00edntese, lecionou l\u00edngua grega, antropologia cultural e homil\u00e9tica, possui 14 livros publicados, al\u00e9m de diversos artigos escritos para revistas nacionais e estrangeiras. Em 29 de julho de 2006 foi eleito bispo de Fico, na Maurit\u00e2nia, trabalhando como bispo auxiliar da arquidiocese de S\u00e3o Salvador da Bahia, sendo tamb\u00e9m Secret\u00e1rio Geral do Regional Nordeste 3, da Confer\u00eancia Nacional dos Bispos do Brasil, e membro titular do Conselho de Cultura do Estado da Bahia.<\/p>\n","protected":false},"excerpt":{"rendered":"<p>Nesta ter\u00e7a-feira (03), o bispo diocesano Dom Greg\u00f3rio Paix\u00e3o, OSB, celebra 56 anos de vida.<\/p>\n","protected":false},"author":2,"featured_media":4751,"comment_status":"open","ping_status":"open","sticky":false,"template":"","format":"standard","meta":{"footnotes":""},"categories":[12],"tags":[],"class_list":["post-4750","post","type-post","status-publish","format-standard","has-post-thumbnail","hentry","category-cidade"],"_links":{"self":[{"href":"https:\/\/tvc16.com\/portal\/wp-json\/wp\/v2\/posts\/4750","targetHints":{"allow":["GET"]}}],"collection":[{"href":"https:\/\/tvc16.com\/portal\/wp-json\/wp\/v2\/posts"}],"about":[{"href":"https:\/\/tvc16.com\/portal\/wp-json\/wp\/v2\/types\/post"}],"author":[{"embeddable":true,"href":"https:\/\/tvc16.com\/portal\/wp-json\/wp\/v2\/users\/2"}],"replies":[{"embeddable":true,"href":"https:\/\/tvc16.com\/portal\/wp-json\/wp\/v2\/comments?post=4750"}],"version-history":[{"count":1,"href":"https:\/\/tvc16.com\/portal\/wp-json\/wp\/v2\/posts\/4750\/revisions"}],"predecessor-version":[{"id":4752,"href":"https:\/\/tvc16.com\/portal\/wp-json\/wp\/v2\/posts\/4750\/revisions\/4752"}],"wp:featuredmedia":[{"embeddable":true,"href":"https:\/\/tvc16.com\/portal\/wp-json\/wp\/v2\/media\/4751"}],"wp:attachment":[{"href":"https:\/\/tvc16.com\/portal\/wp-json\/wp\/v2\/media?parent=4750"}],"wp:term":[{"taxonomy":"category","embeddable":true,"href":"https:\/\/tvc16.com\/portal\/wp-json\/wp\/v2\/categories?post=4750"},{"taxonomy":"post_tag","embeddable":true,"href":"https:\/\/tvc16.com\/portal\/wp-json\/wp\/v2\/tags?post=4750"}],"curies":[{"name":"wp","href":"https:\/\/api.w.org\/{rel}","templated":true}]}}