{"id":4753,"date":"2020-11-03T16:35:36","date_gmt":"2020-11-03T16:35:36","guid":{"rendered":"https:\/\/tvc16.com\/portal\/?p=4753"},"modified":"2020-11-03T16:35:36","modified_gmt":"2020-11-03T16:35:36","slug":"prefeitura-assina-convenio-com-o-serratec","status":"publish","type":"post","link":"https:\/\/tvc16.com\/portal\/2020\/11\/03\/prefeitura-assina-convenio-com-o-serratec\/","title":{"rendered":"Prefeitura assina conv\u00eanio com o SERRATEC"},"content":{"rendered":"\n<p>O governo municipal assinou nesta ter\u00e7a-feira (03) um conv\u00eanio de parceria e coopera\u00e7\u00e3o tecnol\u00f3gica com o SERRATEC. Esse conv\u00eanio formaliza e da sustenta\u00e7\u00e3o jur\u00eddica aos projetos conjuntos. A prefeitura tem dois projetos em andamento e que ser\u00e3o feitos com o SERRATEC: O primeiro \u00e9 para mapear o fluxo de turistas na cidade e outro que apoia o turismo de neg\u00f3cios que ser\u00e1 lan\u00e7ado na feira de turismo que come\u00e7a em Gramado na pr\u00f3xima quinta-feira (05).<\/p>\n","protected":false},"excerpt":{"rendered":"<p>O governo municipal assinou nesta ter\u00e7a-feira (03) um conv\u00eanio de parceria e coopera\u00e7\u00e3o tecnol\u00f3gica com<\/p>\n","protected":false},"author":2,"featured_media":4754,"comment_status":"open","ping_status":"open","sticky":false,"template":"","format":"standard","meta":{"footnotes":""},"categories":[12],"tags":[],"class_list":["post-4753","post","type-post","status-publish","format-standard","has-post-thumbnail","hentry","category-cidade"],"_links":{"self":[{"href":"https:\/\/tvc16.com\/portal\/wp-json\/wp\/v2\/posts\/4753","targetHints":{"allow":["GET"]}}],"collection":[{"href":"https:\/\/tvc16.com\/portal\/wp-json\/wp\/v2\/posts"}],"about":[{"href":"https:\/\/tvc16.com\/portal\/wp-json\/wp\/v2\/types\/post"}],"author":[{"embeddable":true,"href":"https:\/\/tvc16.com\/portal\/wp-json\/wp\/v2\/users\/2"}],"replies":[{"embeddable":true,"href":"https:\/\/tvc16.com\/portal\/wp-json\/wp\/v2\/comments?post=4753"}],"version-history":[{"count":1,"href":"https:\/\/tvc16.com\/portal\/wp-json\/wp\/v2\/posts\/4753\/revisions"}],"predecessor-version":[{"id":4755,"href":"https:\/\/tvc16.com\/portal\/wp-json\/wp\/v2\/posts\/4753\/revisions\/4755"}],"wp:featuredmedia":[{"embeddable":true,"href":"https:\/\/tvc16.com\/portal\/wp-json\/wp\/v2\/media\/4754"}],"wp:attachment":[{"href":"https:\/\/tvc16.com\/portal\/wp-json\/wp\/v2\/media?parent=4753"}],"wp:term":[{"taxonomy":"category","embeddable":true,"href":"https:\/\/tvc16.com\/portal\/wp-json\/wp\/v2\/categories?post=4753"},{"taxonomy":"post_tag","embeddable":true,"href":"https:\/\/tvc16.com\/portal\/wp-json\/wp\/v2\/tags?post=4753"}],"curies":[{"name":"wp","href":"https:\/\/api.w.org\/{rel}","templated":true}]}}