{"id":4775,"date":"2020-11-03T19:25:49","date_gmt":"2020-11-03T19:25:49","guid":{"rendered":"https:\/\/tvc16.com\/portal\/?p=4775"},"modified":"2020-11-03T19:25:49","modified_gmt":"2020-11-03T19:25:49","slug":"defensoria-do-rio-pesquisa-aponta-morte-de-pelo-menos-1891-pacientes-por-falta-de-leitos","status":"publish","type":"post","link":"https:\/\/tvc16.com\/portal\/2020\/11\/03\/defensoria-do-rio-pesquisa-aponta-morte-de-pelo-menos-1891-pacientes-por-falta-de-leitos\/","title":{"rendered":"Defensoria do Rio: Pesquisa aponta morte de pelo menos 1891 pacientes por falta de leitos"},"content":{"rendered":"\n<p><strong><em>Levantamento foi feito com base em informa\u00e7\u00f5es prestadas por unidades de sa\u00fade distribu\u00eddas em todo o Estado do Rio<\/em><\/strong><\/p>\n\n\n\n<p>Pelo menos 1891 pacientes, ou 44,5% dos casos que, num per\u00edodo de 90 dias (entre os meses de abril e agosto de 2020), necessitaram de interna\u00e7\u00e3o hospitalar na rede p\u00fablica em todo o Estado do Rio em raz\u00e3o de suspeita ou diagn\u00f3stico confirmado de COVID-19 ou ainda por infec\u00e7\u00e3o respirat\u00f3ria viral, morreram \u00e0 espera de leito ou no transporte a caminho do hospital. Outras 104 pessoas (2,44%) faleceram sem sequer terem sido inseridas no Sistema Estadual de Regula\u00e7\u00e3o \u2014 ou seja, antes que a transfer\u00eancia fosse efetivamente solicitada \u00e0 Central Estadual de Regula\u00e7\u00e3o.<\/p>\n\n\n\n<p>O encaminhamento para interna\u00e7\u00e3o hospitalar corresponde, na m\u00e9dia, a 3% dos casos de pessoas com doen\u00e7as respirat\u00f3rias provocadas por v\u00edrus, mas ue&nbsp; dados mais importantes do levantamento produzido pela Coordena\u00e7\u00e3o de Sa\u00fade e Tutela Coletiva e pela Diretoria de Estudos e Pesquisas de Acesso \u00e0 Justi\u00e7a da Defensoria P\u00fablica do Rio.&nbsp; O relat\u00f3rio re\u00fane material colhido por meio de of\u00edcios encaminhados a 214 unidades de sa\u00fade espalhadas pelo estado, das quais 111 (ou 51,86%) prestaram informa\u00e7\u00f5es relativas aos 90 dias imediatamente anteriores ao recebimento do pedido.<\/p>\n\n\n\n<p>\u2014&nbsp; O estudo \u00e9 de fundamental import\u00e2ncia pois consegue demonstrar, a partir de percentual de amostra significativa, com relev\u00e2ncia estat\u00edstica, o que vem sendo h\u00e1 muito sustentado pela Defensoria P\u00fablica do Estado do Rio de Janeiro no bojo de in\u00fameras atua\u00e7\u00f5es judiciais e extrajudiciais: que Estados e Munic\u00edpios fluminenses, sobretudo o Munic\u00edpio do Rio de Janeiro, onde est\u00e1 concentrada a maior parte da popula\u00e7\u00e3o, n\u00e3o se planejaram para um enfrentamento adequado da pandemia \u2014 explica a coordenadora de Sa\u00fade e Tutela Coletiva, Tha\u00edsa Guerreiro.<\/p>\n\n\n\n<p>Segundo a defensora p\u00fablica, \u201cn\u00e3o houve a expans\u00e3o necess\u00e1ria na oferta de leitos, sobretudo de terapia intensiva, em quantitativo suficiente a atender \u00e0 demanda da COVID-19, a despeito do in\u00edcio da flexibiliza\u00e7\u00e3o\u201d.<\/p>\n\n\n\n<p>\u2014 Quase metade dos cidad\u00e3os que precisaram de interna\u00e7\u00e3o no SUS faleceram sem atendimento digno em uma longa fila de espera, o que \u00e9 inadmiss\u00edvel em um Estado Democr\u00e1tico de Direito. Com os dados catalogados, conhecidos e expostos, espera-se que o passado sinalize para que medidas sejam tomadas, em definitivo, pelos gestores a fim de que novas vidas n\u00e3o sejam menosprezadas. N\u00e3o podemos nunca banalizar a morte por desassist\u00eancia \u2014 afirma.<\/p>\n\n\n\n<p>A pesquisa indica que pelo menos uma em cada quatro pessoas atendidas nestas unidades num per\u00edodo de 90 dias apresentavam sintomas de doen\u00e7a do aparelho respirat\u00f3rio.&nbsp; Por\u00e9m, somente 51,64% das ocorr\u00eancias foram notificadas regularmente \u00e0 vigil\u00e2ncia epidemiol\u00f3gica do estado.<\/p>\n\n\n\n<p>As informa\u00e7\u00f5es prestadas pelas 111 unidades de sa\u00fade b\u00e1sica d\u00e3o conta de que houve, no per\u00edodo analisado, 546.828 atendimentos, sendo 102.513 (ou 18,74%) de casos suspeitos ou confirmados de cont\u00e1gio pelo novo coronav\u00edrus e outros 40.222 (7,35%) de quadros prov\u00e1veis de infec\u00e7\u00e3o por coronav\u00edrus n\u00e3o identificado, influenza (gripe), v\u00edrus gripal sem identifica\u00e7\u00e3o e infec\u00e7\u00e3o aguda do aparelho respirat\u00f3rio superior. Juntas, as ocorr\u00eancias superam os 26% de casos, ou uma em cada quatro pacientes.<\/p>\n\n\n\n<p>Entre aqueles atendidos nas unidades de sa\u00fade com sintomas relativos a esse conjunto de doen\u00e7as, a necessidade de transfer\u00eancia para interna\u00e7\u00e3o hospitalar foi constatada em 2,97% dos casos, o equivalente a 4.249 pessoas \u2014&nbsp; justamente o universo em que quase metade (ou 1.891 pacientes) faleceu antes de ocupar um leito de enfermaria ou de UTI.<\/p>\n\n\n\n<p>Considerando os mais de 546 mil atendimentos feitos nas unidades de sa\u00fade no per\u00edodo analisado, a incid\u00eancia de \u00f3bitos por Covid-19 ou outras doen\u00e7as com sintomas similares equivaleu a 3,19% (4.555 casos).&nbsp; O baixo n\u00famero de testes n\u00e3o permite saber com precis\u00e3o o n\u00famero de casos de contamina\u00e7\u00e3o pelo novo coronav\u00edrus, pois houve coleta de material para testagem de apenas 22,82% dos pacientes com sintomas.<\/p>\n\n\n\n<p>\u2014&nbsp; No caso dos pacientes que apresentavam sintomas, a testagem seria crucial para o fortalecimento dos dados,&nbsp; pois indicaria o real comportamento da doen\u00e7a no Estado e a indica\u00e7\u00e3o cl\u00ednica tempestiva para o tratamento adequado. Muitos pacientes, por\u00e9m, foram a \u00f3bito sem a confirma\u00e7\u00e3o precisa de seu diagn\u00f3stico. Isso que nos faz questionar a adequa\u00e7\u00e3o do atendimento m\u00e9dico, seja por falta de confirma\u00e7\u00e3o no diagn\u00f3stico, seja por aus\u00eancia de acesso aos leitos adequados, e ainda se o n\u00famero de mortes por COVID-19 n\u00e3o \u00e9 muito maior que o divulgado \u2014 ressalta a subcoordenadora de Sa\u00fade e Tutela Coletiva, Alessandra Nascimento.<\/p>\n","protected":false},"excerpt":{"rendered":"<p>Levantamento foi feito com base em informa\u00e7\u00f5es prestadas por unidades de sa\u00fade distribu\u00eddas em todo<\/p>\n","protected":false},"author":2,"featured_media":4776,"comment_status":"open","ping_status":"open","sticky":false,"template":"","format":"standard","meta":{"footnotes":""},"categories":[17],"tags":[],"class_list":["post-4775","post","type-post","status-publish","format-standard","has-post-thumbnail","hentry","category-outras-noticias"],"_links":{"self":[{"href":"https:\/\/tvc16.com\/portal\/wp-json\/wp\/v2\/posts\/4775","targetHints":{"allow":["GET"]}}],"collection":[{"href":"https:\/\/tvc16.com\/portal\/wp-json\/wp\/v2\/posts"}],"about":[{"href":"https:\/\/tvc16.com\/portal\/wp-json\/wp\/v2\/types\/post"}],"author":[{"embeddable":true,"href":"https:\/\/tvc16.com\/portal\/wp-json\/wp\/v2\/users\/2"}],"replies":[{"embeddable":true,"href":"https:\/\/tvc16.com\/portal\/wp-json\/wp\/v2\/comments?post=4775"}],"version-history":[{"count":1,"href":"https:\/\/tvc16.com\/portal\/wp-json\/wp\/v2\/posts\/4775\/revisions"}],"predecessor-version":[{"id":4777,"href":"https:\/\/tvc16.com\/portal\/wp-json\/wp\/v2\/posts\/4775\/revisions\/4777"}],"wp:featuredmedia":[{"embeddable":true,"href":"https:\/\/tvc16.com\/portal\/wp-json\/wp\/v2\/media\/4776"}],"wp:attachment":[{"href":"https:\/\/tvc16.com\/portal\/wp-json\/wp\/v2\/media?parent=4775"}],"wp:term":[{"taxonomy":"category","embeddable":true,"href":"https:\/\/tvc16.com\/portal\/wp-json\/wp\/v2\/categories?post=4775"},{"taxonomy":"post_tag","embeddable":true,"href":"https:\/\/tvc16.com\/portal\/wp-json\/wp\/v2\/tags?post=4775"}],"curies":[{"name":"wp","href":"https:\/\/api.w.org\/{rel}","templated":true}]}}