{"id":4778,"date":"2020-11-03T19:28:57","date_gmt":"2020-11-03T19:28:57","guid":{"rendered":"https:\/\/tvc16.com\/portal\/?p=4778"},"modified":"2020-11-03T19:28:57","modified_gmt":"2020-11-03T19:28:57","slug":"carros-apreendidos-durante-o-combate-ao-trafico-de-drogas-serao-doados","status":"publish","type":"post","link":"https:\/\/tvc16.com\/portal\/2020\/11\/03\/carros-apreendidos-durante-o-combate-ao-trafico-de-drogas-serao-doados\/","title":{"rendered":"Carros apreendidos durante o combate ao tr\u00e1fico de drogas ser\u00e3o doados"},"content":{"rendered":"\n<p>Os ve\u00edculos de at\u00e9 R$ 60 mil reais ser\u00e3o entregues a institui\u00e7\u00f5es que atuam no enfrentamento aos entorpecentes<\/p>\n\n\n\n<p>O Governo Federal publicou portaria que permite que <a href=\"https:\/\/www.gov.br\/cidadania\/pt-br\/noticias-e-conteudos\/desenvolvimento-social\/noticias-desenvolvimento-social\/automoveis-apreendidos-do-trafico-de-drogas-poderao-ser-doados-a-entidades-que-cuidam-de-dependentes-quimicos\">carros apreendidos durante opera\u00e7\u00f5es da pol\u00edcia em combate ao tr\u00e1fico de drogas, poder\u00e3o ser doados<\/a> \u00e0s Organiza\u00e7\u00f5es da Sociedade Civil que atuam na redu\u00e7\u00e3o de demanda dos entorpecentes, como Comunidades Terap\u00eauticas. Os ve\u00edculos, antes eram armazenados pelo Fundo Nacional Antidrogas (FUNAD).<\/p>\n\n\n\n<p>Com a entrega a expectativa \u00e9 de que as organiza\u00e7\u00f5es desenvolvam programas de forma\u00e7\u00e3o profissional, preven\u00e7\u00e3o, tratamento, recupera\u00e7\u00e3o e reinser\u00e7\u00e3o social. Ser\u00e3o doados os ve\u00edculos avaliados em at\u00e9 R$ 60 mil e considerados &#8220;perdidos&#8221; e com &#8220;documenta\u00e7\u00e3o completa&#8221;.<\/p>\n\n\n\n<p>As entidades que desejarem receber os autom\u00f3veis precisar\u00e3o estar inscritas no Cadastro Nacional de Credenciamento das comunidades terap\u00eauticas e das entidades de preven\u00e7\u00e3o, apoio, m\u00fatua ajuda, atendimento psicossocial e ressocializa\u00e7\u00e3o de dependentes do \u00e1lcool e outras drogas e seus familiares.<\/p>\n\n\n\n<p>A fiscaliza\u00e7\u00e3o da utiliza\u00e7\u00e3o dos ve\u00edculos ficar\u00e1 sob responsabilidade do Minist\u00e9rio da Cidadania, que entregar\u00e1 relat\u00f3rios semestrais, inclusive com imagens que demonstrem que as organiza\u00e7\u00f5es est\u00e3o cumprindo tudo o que determina as Portarias N\u00ba 513 e N\u00ba 514.<br>&nbsp;<\/p>\n\n\n\n<p>Fonte: <a href=\"https:\/\/brasil61.com\/noticias\/carros-apreendidos-durante-o-combate-ao-trafico-de-drogas-serao-doados-bras202434?email=bethdeoliveira@yahoo.com.br&amp;utm_source=newsletter&amp;utm_medium=newsletter&amp;utm_campaign=newsletter\" target=\"_blank\" rel=\"noreferrer noopener\">Brasil 61<\/a><\/p>\n","protected":false},"excerpt":{"rendered":"<p>Os ve\u00edculos de at\u00e9 R$ 60 mil reais ser\u00e3o entregues a institui\u00e7\u00f5es que atuam no<\/p>\n","protected":false},"author":2,"featured_media":4779,"comment_status":"open","ping_status":"open","sticky":false,"template":"","format":"standard","meta":{"footnotes":""},"categories":[14],"tags":[],"class_list":["post-4778","post","type-post","status-publish","format-standard","has-post-thumbnail","hentry","category-pais"],"_links":{"self":[{"href":"https:\/\/tvc16.com\/portal\/wp-json\/wp\/v2\/posts\/4778","targetHints":{"allow":["GET"]}}],"collection":[{"href":"https:\/\/tvc16.com\/portal\/wp-json\/wp\/v2\/posts"}],"about":[{"href":"https:\/\/tvc16.com\/portal\/wp-json\/wp\/v2\/types\/post"}],"author":[{"embeddable":true,"href":"https:\/\/tvc16.com\/portal\/wp-json\/wp\/v2\/users\/2"}],"replies":[{"embeddable":true,"href":"https:\/\/tvc16.com\/portal\/wp-json\/wp\/v2\/comments?post=4778"}],"version-history":[{"count":1,"href":"https:\/\/tvc16.com\/portal\/wp-json\/wp\/v2\/posts\/4778\/revisions"}],"predecessor-version":[{"id":4780,"href":"https:\/\/tvc16.com\/portal\/wp-json\/wp\/v2\/posts\/4778\/revisions\/4780"}],"wp:featuredmedia":[{"embeddable":true,"href":"https:\/\/tvc16.com\/portal\/wp-json\/wp\/v2\/media\/4779"}],"wp:attachment":[{"href":"https:\/\/tvc16.com\/portal\/wp-json\/wp\/v2\/media?parent=4778"}],"wp:term":[{"taxonomy":"category","embeddable":true,"href":"https:\/\/tvc16.com\/portal\/wp-json\/wp\/v2\/categories?post=4778"},{"taxonomy":"post_tag","embeddable":true,"href":"https:\/\/tvc16.com\/portal\/wp-json\/wp\/v2\/tags?post=4778"}],"curies":[{"name":"wp","href":"https:\/\/api.w.org\/{rel}","templated":true}]}}