{"id":4781,"date":"2020-11-03T19:30:54","date_gmt":"2020-11-03T19:30:54","guid":{"rendered":"https:\/\/tvc16.com\/portal\/?p=4781"},"modified":"2020-11-03T19:30:54","modified_gmt":"2020-11-03T19:30:54","slug":"ministerio-da-saude-informatiza-cadastro-da-atencao-primaria","status":"publish","type":"post","link":"https:\/\/tvc16.com\/portal\/2020\/11\/03\/ministerio-da-saude-informatiza-cadastro-da-atencao-primaria\/","title":{"rendered":"Minist\u00e9rio da Sa\u00fade informatiza cadastro da Aten\u00e7\u00e3o Prim\u00e1ria"},"content":{"rendered":"\n<p>Antes de realizarem o credenciamento, gestores p\u00fablicos devem verificar pr\u00e9-requisitos exigidos<\/p>\n\n\n\n<p>O credenciamento das equipes de Sa\u00fade da Fam\u00edlia (eSF) e da Aten\u00e7\u00e3o Prim\u00e1ria (eAP) passam a ocorrer por meio da plataforma e-gestor AB. Segundo o Minist\u00e9rio da Sa\u00fade, \u201cisso tornar\u00e1 o processo mais \u00e1gil, sustent\u00e1vel e de f\u00e1cil acompanhamento, desburocratizando o fluxo de credenciamento.\u201d<\/p>\n\n\n\n<p>A pasta alerta que, antes de prosseguirem com a solicita\u00e7\u00e3o de credenciamento de equipes ou servi\u00e7o da APS, os gestores p\u00fablicos devem verificar as informa\u00e7\u00f5es sobre o n\u00famero de pessoas na equipe e o total de credenciamentos e homologa\u00e7\u00f5es dispon\u00edveis nos relat\u00f3rios do sistema.<\/p>\n\n\n\n<p><strong><a href=\"https:\/\/brasil61.com\/noticias\/obras-financiadas-pelo-fundo-nacional-de-saude-sao-prorrogadas-bras202364\" target=\"_blank\" rel=\"noreferrer noopener\">Obras financiadas pelo Fundo Nacional de Sa\u00fade s\u00e3o prorrogadas<\/a><\/strong><\/p>\n\n\n\n<p>Para mais informa\u00e7\u00f5es, acesse o site da Secretaria de Aten\u00e7\u00e3o Prim\u00e1ria \u00e0 Sa\u00fade (Saps), por meio da p\u00e1gina <a href=\"http:\/\/aps.saude.gov.br\" target=\"_blank\" rel=\"noreferrer noopener\">aps.saude.gov.br<\/a><\/p>\n\n\n\n<p>Fonte: <a href=\"https:\/\/brasil61.com\/noticias\/ministerio-da-saude-informatiza-cadastro-da-atencao-primaria-bras202432?email=bethdeoliveira@yahoo.com.br&amp;utm_source=newsletter&amp;utm_medium=newsletter&amp;utm_campaign=newsletter\" target=\"_blank\" rel=\"noreferrer noopener\">Brasil 61<\/a><\/p>\n","protected":false},"excerpt":{"rendered":"<p>Antes de realizarem o credenciamento, gestores p\u00fablicos devem verificar pr\u00e9-requisitos exigidos O credenciamento das equipes<\/p>\n","protected":false},"author":2,"featured_media":4782,"comment_status":"open","ping_status":"open","sticky":false,"template":"","format":"standard","meta":{"footnotes":""},"categories":[13],"tags":[],"class_list":["post-4781","post","type-post","status-publish","format-standard","has-post-thumbnail","hentry","category-saude"],"_links":{"self":[{"href":"https:\/\/tvc16.com\/portal\/wp-json\/wp\/v2\/posts\/4781","targetHints":{"allow":["GET"]}}],"collection":[{"href":"https:\/\/tvc16.com\/portal\/wp-json\/wp\/v2\/posts"}],"about":[{"href":"https:\/\/tvc16.com\/portal\/wp-json\/wp\/v2\/types\/post"}],"author":[{"embeddable":true,"href":"https:\/\/tvc16.com\/portal\/wp-json\/wp\/v2\/users\/2"}],"replies":[{"embeddable":true,"href":"https:\/\/tvc16.com\/portal\/wp-json\/wp\/v2\/comments?post=4781"}],"version-history":[{"count":1,"href":"https:\/\/tvc16.com\/portal\/wp-json\/wp\/v2\/posts\/4781\/revisions"}],"predecessor-version":[{"id":4783,"href":"https:\/\/tvc16.com\/portal\/wp-json\/wp\/v2\/posts\/4781\/revisions\/4783"}],"wp:featuredmedia":[{"embeddable":true,"href":"https:\/\/tvc16.com\/portal\/wp-json\/wp\/v2\/media\/4782"}],"wp:attachment":[{"href":"https:\/\/tvc16.com\/portal\/wp-json\/wp\/v2\/media?parent=4781"}],"wp:term":[{"taxonomy":"category","embeddable":true,"href":"https:\/\/tvc16.com\/portal\/wp-json\/wp\/v2\/categories?post=4781"},{"taxonomy":"post_tag","embeddable":true,"href":"https:\/\/tvc16.com\/portal\/wp-json\/wp\/v2\/tags?post=4781"}],"curies":[{"name":"wp","href":"https:\/\/api.w.org\/{rel}","templated":true}]}}