{"id":4784,"date":"2020-11-03T19:39:16","date_gmt":"2020-11-03T19:39:16","guid":{"rendered":"https:\/\/tvc16.com\/portal\/?p=4784"},"modified":"2020-11-03T19:39:16","modified_gmt":"2020-11-03T19:39:16","slug":"preco-do-leite-registra-alta-em-outubro","status":"publish","type":"post","link":"https:\/\/tvc16.com\/portal\/2020\/11\/03\/preco-do-leite-registra-alta-em-outubro\/","title":{"rendered":"Pre\u00e7o do leite registra alta em outubro"},"content":{"rendered":"\n<p>De acordo com pesquisas do Cepea, a \u201cM\u00e9dia Brasil\u201d l\u00edquida de outubro teve alta de 1,25%, chegando a R$ 2,1586\/litro<\/p>\n\n\n\n<p>O pre\u00e7o do leite captado em setembro e pago ao produtor em outubro avan\u00e7ou por mais um m\u00eas, renovando o recorde real da s\u00e9rie hist\u00f3rica do Centro de Estudos Avan\u00e7ados em Economia Aplicada (Cepea), da Esalq\/USP. De acordo com pesquisas, a \u201cM\u00e9dia Brasil\u201d l\u00edquida de outubro teve alta de 1,25%, chegando a R$ 2,1586\/litro.&nbsp;<\/p>\n\n\n\n<p>O valor \u00e9 53,6% maior que o registrado no mesmo m\u00eas do ano passado, em termos reais. Com isso, o pre\u00e7o do leite no campo registra alta real acumulada de 57,4% desde o in\u00edcio deste ano.<\/p>\n\n\n\n<p>O aumento das cota\u00e7\u00f5es ocorreu de forma diferenciada dentre os estados acompanhados. Enquanto em Goi\u00e1s e Minas Gerais, a valoriza\u00e7\u00e3o de setembro para outubro se limitou a 0,1%, em S\u00e3o Paulo, Rio Grande do Sul, Paran\u00e1 e Santa Catarina, as altas estiveram entre 3 e 4,5%. J\u00e1 na Bahia, houve forte eleva\u00e7\u00e3o de 6,4%.<\/p>\n\n\n\n<p>O avan\u00e7o no pre\u00e7o \u00e9 explicado pela maior concorr\u00eancia das ind\u00fastrias de latic\u00ednios pela compra de mat\u00e9ria-prima naquele m\u00eas, j\u00e1 que a produ\u00e7\u00e3o de leite seguiu limitada e abaixo das expectativas dos agentes. Ao mesmo tempo, a demanda por l\u00e1cteos permaneceu elevada.<\/p>\n\n\n\n<p><a href=\"https:\/\/brasil61.com\/noticias\/acordo-entre-ministerio-da-agricultura-e-centro-de-telecomunicacoes-visa-levar-tecnologia-para-o-campo-bras202345\"><strong>Acordo entre Minist\u00e9rio da Agricultura e Centro de Telecomunica\u00e7\u00f5es visa levar tecnologia para o campo<\/strong><\/a><\/p>\n\n\n\n<p><a href=\"https:\/\/brasil61.com\/noticias\/mapa-revela-que-municipios-com-alta-producao-agricola-impactam-no-pib-local-bras202298\"><strong>Mapa revela que munic\u00edpios com alta produ\u00e7\u00e3o agr\u00edcola impactam no PIB local<\/strong><\/a><\/p>\n\n\n\n<p>Contudo, o cen\u00e1rio de valoriza\u00e7\u00e3o n\u00e3o deve se manter nos pr\u00f3ximos meses. De acordo com pesquisas do Cepea, as negocia\u00e7\u00f5es de derivados com os canais de distribui\u00e7\u00e3o foram mais truncadas e houve maior press\u00e3o para a redu\u00e7\u00e3o dos pre\u00e7os em outubro.&nbsp;<\/p>\n\n\n\n<p>\u00c9 importante salientar que a valoriza\u00e7\u00e3o intensa de alguns g\u00eaneros aliment\u00edcios nos \u00faltimos meses tem pesado sobre a decis\u00e3o de consumo do brasileiro, o que tamb\u00e9m resulta em maior competi\u00e7\u00e3o entre redes varejistas para atrair clientes com pre\u00e7os baixos.<\/p>\n\n\n\n<p>Al\u00e9m da press\u00e3o da demanda, os pre\u00e7os no campo devem ser negativamente influenciados pela maior disponibilidade de leite e de l\u00e1cteos em outubro, por conta da quest\u00e3o sazonal e do aumento de importa\u00e7\u00f5es.<\/p>\n","protected":false},"excerpt":{"rendered":"<p>De acordo com pesquisas do Cepea, a \u201cM\u00e9dia Brasil\u201d l\u00edquida de outubro teve alta de<\/p>\n","protected":false},"author":2,"featured_media":4785,"comment_status":"open","ping_status":"open","sticky":false,"template":"","format":"standard","meta":{"footnotes":""},"categories":[18],"tags":[],"class_list":["post-4784","post","type-post","status-publish","format-standard","has-post-thumbnail","hentry","category-economia"],"_links":{"self":[{"href":"https:\/\/tvc16.com\/portal\/wp-json\/wp\/v2\/posts\/4784","targetHints":{"allow":["GET"]}}],"collection":[{"href":"https:\/\/tvc16.com\/portal\/wp-json\/wp\/v2\/posts"}],"about":[{"href":"https:\/\/tvc16.com\/portal\/wp-json\/wp\/v2\/types\/post"}],"author":[{"embeddable":true,"href":"https:\/\/tvc16.com\/portal\/wp-json\/wp\/v2\/users\/2"}],"replies":[{"embeddable":true,"href":"https:\/\/tvc16.com\/portal\/wp-json\/wp\/v2\/comments?post=4784"}],"version-history":[{"count":1,"href":"https:\/\/tvc16.com\/portal\/wp-json\/wp\/v2\/posts\/4784\/revisions"}],"predecessor-version":[{"id":4786,"href":"https:\/\/tvc16.com\/portal\/wp-json\/wp\/v2\/posts\/4784\/revisions\/4786"}],"wp:featuredmedia":[{"embeddable":true,"href":"https:\/\/tvc16.com\/portal\/wp-json\/wp\/v2\/media\/4785"}],"wp:attachment":[{"href":"https:\/\/tvc16.com\/portal\/wp-json\/wp\/v2\/media?parent=4784"}],"wp:term":[{"taxonomy":"category","embeddable":true,"href":"https:\/\/tvc16.com\/portal\/wp-json\/wp\/v2\/categories?post=4784"},{"taxonomy":"post_tag","embeddable":true,"href":"https:\/\/tvc16.com\/portal\/wp-json\/wp\/v2\/tags?post=4784"}],"curies":[{"name":"wp","href":"https:\/\/api.w.org\/{rel}","templated":true}]}}