{"id":4787,"date":"2020-11-03T19:41:41","date_gmt":"2020-11-03T19:41:41","guid":{"rendered":"https:\/\/tvc16.com\/portal\/?p=4787"},"modified":"2020-11-03T19:41:41","modified_gmt":"2020-11-03T19:41:41","slug":"eleicoes-2020-quem-tiver-sido-diagnosticado-com-covid-19-a-partir-de-1o-de-novembro-nao-podera-votar","status":"publish","type":"post","link":"https:\/\/tvc16.com\/portal\/2020\/11\/03\/eleicoes-2020-quem-tiver-sido-diagnosticado-com-covid-19-a-partir-de-1o-de-novembro-nao-podera-votar\/","title":{"rendered":"Elei\u00e7\u00f5es 2020: quem tiver sido diagnosticado com covid-19 a partir de 1\u00ba de novembro n\u00e3o poder\u00e1 votar"},"content":{"rendered":"\n<p>Determina\u00e7\u00e3o faz parte do Plano de Seguran\u00e7a Sanit\u00e1ria do TSE para evitar propaga\u00e7\u00e3o do v\u00edrus no dia da vota\u00e7\u00e3o<\/p>\n\n\n\n<p>Quem for infectado pelo novo coronav\u00edrus a partir de agora n\u00e3o poder\u00e1 votar nas elei\u00e7\u00f5es municipais de 2020. A determina\u00e7\u00e3o faz parte do&nbsp;<a href=\"https:\/\/www.tse.jus.br\/imprensa\/noticias-tse\/arquivos\/plano-de-seguranca-sanitaria-eleicoes-2020\/rybena_pdf?file=https:\/\/www.tse.jus.br\/imprensa\/noticias-tse\/arquivos\/plano-de-seguranca-sanitaria-eleicoes-2020\/at_download\/file\" target=\"_blank\" rel=\"noreferrer noopener\">Plano de Seguran\u00e7a Sanit\u00e1ria<\/a>&nbsp;do Tribunal Superior Eleitoral (TSE), que traz a mesma orienta\u00e7\u00e3o a mes\u00e1rios. De acordo com o documento, quem contrair a doen\u00e7a 14 dias antes do pleito, que come\u00e7ou a contar nesse domingo (1\u00ba), n\u00e3o pode comparecer \u00e0s urnas. O primeiro turno est\u00e1 marcado para o dia 15 de novembro.&nbsp;<\/p>\n\n\n\n<p>Segundo o Tribunal, a&nbsp;<a href=\"https:\/\/www.tse.jus.br\/legislacao\/compilada\/res\/2020\/resolucao-no-23-631-de-1o-de-outubro-de-2020\" target=\"_blank\" rel=\"noreferrer noopener\">medida<\/a>&nbsp;se faz necess\u00e1ria para impedir a propaga\u00e7\u00e3o do v\u00edrus. Por isso, quem tiver sido diagnosticado com a doen\u00e7a a partir do dia 1\u00ba de novembro ou tiver febre no dia da vota\u00e7\u00e3o n\u00e3o deve comparecer \u00e0 zona eleitoral ou trabalhar como mes\u00e1rio.&nbsp;<\/p>\n\n\n\n<p><strong><a href=\"https:\/\/brasil61.com\/noticias\/cartilha-alerta-para-importancia-do-saneamento-basico-nas-eleicoes-2020-bras202439\" target=\"_blank\" rel=\"noreferrer noopener\">Cartilha alerta para import\u00e2ncia do saneamento b\u00e1sico nas Elei\u00e7\u00f5es 2020<\/a><\/strong><\/p>\n\n\n\n<p><strong><a href=\"https:\/\/brasil61.com\/noticias\/eleicoes-2020-tse-e-whatsapp-divulgam-dados-da-parceria-para-combate-a-desinformacao-bras202418\" target=\"_blank\" rel=\"noreferrer noopener\">ELEI\u00c7\u00d5ES 2020: TSE e WhatsApp divulgam dados da parceria para combate \u00e0 desinforma\u00e7\u00e3o<\/a><\/strong><\/p>\n\n\n\n<p><strong><a href=\"https:\/\/brasil61.com\/noticias\/eleicoes-2020-saiba-como-funciona-a-logistica-para-realizar-um-processo-eleitoral-bras202143\" target=\"_blank\" rel=\"noreferrer noopener\">Elei\u00e7\u00f5es 2020: Saiba como funciona a log\u00edstica para realizar um processo eleitoral<\/a><\/strong><\/p>\n\n\n\n<p><strong><a href=\"https:\/\/brasil61.com\/noticias\/eleicoes-2020-cresce-o-numero-de-candidatos-analfabetos-concorrendo-a-vereador-bras202178\" target=\"_blank\" rel=\"noreferrer noopener\">Elei\u00e7\u00f5es 2020: Cresce o n\u00famero de candidatos analfabetos concorrendo a vereador<\/a><\/strong><\/p>\n\n\n\n<p>No dia da elei\u00e7\u00e3o, ser\u00e1 obrigat\u00f3rio o uso de m\u00e1scara pelo eleitor. A medida tamb\u00e9m vale para mes\u00e1rios, que, al\u00e9m das m\u00e1scaras, utilizar\u00e3o face shields. O TSE avisa que haver\u00e1 \u00e1lcool em gel para higieniza\u00e7\u00e3o das m\u00e3os nas se\u00e7\u00f5es eleitorais e \u00e1lcool l\u00edquido para higieniza\u00e7\u00e3o de superf\u00edcies e objetos, com exce\u00e7\u00e3o da urna eletr\u00f4nica, que s\u00f3 pode ser higienizada por t\u00e9cnicos especializados.<\/p>\n\n\n\n<p>O eleitor ou mes\u00e1rio que tenha sido diagnosticado com a covid-19 a partir de 1\u00ba de novembro poder\u00e1 justificar a aus\u00eancia em at\u00e9 60 dias ap\u00f3s a realiza\u00e7\u00e3o das elei\u00e7\u00f5es, ou seja, at\u00e9 14 de janeiro de 2021. Caso a aus\u00eancia n\u00e3o seja justificada, a pessoa estar\u00e1 sujeita a multa.<\/p>\n","protected":false},"excerpt":{"rendered":"<p>Determina\u00e7\u00e3o faz parte do Plano de Seguran\u00e7a Sanit\u00e1ria do TSE para evitar propaga\u00e7\u00e3o do v\u00edrus<\/p>\n","protected":false},"author":2,"featured_media":4788,"comment_status":"open","ping_status":"open","sticky":false,"template":"","format":"standard","meta":{"footnotes":""},"categories":[15],"tags":[],"class_list":["post-4787","post","type-post","status-publish","format-standard","has-post-thumbnail","hentry","category-politica"],"_links":{"self":[{"href":"https:\/\/tvc16.com\/portal\/wp-json\/wp\/v2\/posts\/4787","targetHints":{"allow":["GET"]}}],"collection":[{"href":"https:\/\/tvc16.com\/portal\/wp-json\/wp\/v2\/posts"}],"about":[{"href":"https:\/\/tvc16.com\/portal\/wp-json\/wp\/v2\/types\/post"}],"author":[{"embeddable":true,"href":"https:\/\/tvc16.com\/portal\/wp-json\/wp\/v2\/users\/2"}],"replies":[{"embeddable":true,"href":"https:\/\/tvc16.com\/portal\/wp-json\/wp\/v2\/comments?post=4787"}],"version-history":[{"count":1,"href":"https:\/\/tvc16.com\/portal\/wp-json\/wp\/v2\/posts\/4787\/revisions"}],"predecessor-version":[{"id":4789,"href":"https:\/\/tvc16.com\/portal\/wp-json\/wp\/v2\/posts\/4787\/revisions\/4789"}],"wp:featuredmedia":[{"embeddable":true,"href":"https:\/\/tvc16.com\/portal\/wp-json\/wp\/v2\/media\/4788"}],"wp:attachment":[{"href":"https:\/\/tvc16.com\/portal\/wp-json\/wp\/v2\/media?parent=4787"}],"wp:term":[{"taxonomy":"category","embeddable":true,"href":"https:\/\/tvc16.com\/portal\/wp-json\/wp\/v2\/categories?post=4787"},{"taxonomy":"post_tag","embeddable":true,"href":"https:\/\/tvc16.com\/portal\/wp-json\/wp\/v2\/tags?post=4787"}],"curies":[{"name":"wp","href":"https:\/\/api.w.org\/{rel}","templated":true}]}}