{"id":47892,"date":"2022-11-18T18:11:50","date_gmt":"2022-11-18T21:11:50","guid":{"rendered":"https:\/\/tvc16.com\/portal\/?p=47892"},"modified":"2022-11-18T18:11:51","modified_gmt":"2022-11-18T21:11:51","slug":"comdep-promove-dia-d-de-acoes-em-alusao-ao-novembro-azul","status":"publish","type":"post","link":"https:\/\/tvc16.com\/portal\/2022\/11\/18\/comdep-promove-dia-d-de-acoes-em-alusao-ao-novembro-azul\/","title":{"rendered":"Comdep promove \u201cDia D\u201d de a\u00e7\u00f5es em alus\u00e3o ao Novembro Azul"},"content":{"rendered":"\n<p>Novembro \u00e9 o m\u00eas de conscientiza\u00e7\u00e3o com a tradicional campanha \u201cNovembro Azul\u201d, que refor\u00e7a o alerta para a preven\u00e7\u00e3o do c\u00e2ncer de pr\u00f3stata. Nesta segunda-feira (21), a Companhia de Desenvolvimento de Petr\u00f3polis (COMDEP) vai promover o \u201cDia D\u201d do Novembro Azul, que faz parte do cronograma de eventos e atividades da Prefeitura de Petr\u00f3polis, por meio da \u00c1rea T\u00e9cnica de Sa\u00fade do Homem da Secretaria de Sa\u00fade.<\/p>\n\n\n\n<p>Durante o evento, a for\u00e7a de trabalho da Companhia ter\u00e1 acesso a a\u00e7\u00f5es voltadas a preven\u00e7\u00e3o e ao diagn\u00f3stico precoce da doen\u00e7a, al\u00e9m de palestras, sorteios e diversas atividades, com o intuito de informar e promover a discuss\u00e3o sobre o tema. Al\u00e9m disso, para chamar aten\u00e7\u00e3o para a campanha, a fachada da Comdep recebeu uma ilumina\u00e7\u00e3o especial cor de azul.<\/p>\n\n\n\n<p>Foto: arquivo PMP<\/p>\n","protected":false},"excerpt":{"rendered":"<p>Novembro \u00e9 o m\u00eas de conscientiza\u00e7\u00e3o com a tradicional campanha \u201cNovembro Azul\u201d, que refor\u00e7a o<\/p>\n","protected":false},"author":2,"featured_media":47893,"comment_status":"open","ping_status":"open","sticky":false,"template":"","format":"standard","meta":{"footnotes":""},"categories":[12],"tags":[],"class_list":["post-47892","post","type-post","status-publish","format-standard","has-post-thumbnail","hentry","category-cidade"],"_links":{"self":[{"href":"https:\/\/tvc16.com\/portal\/wp-json\/wp\/v2\/posts\/47892","targetHints":{"allow":["GET"]}}],"collection":[{"href":"https:\/\/tvc16.com\/portal\/wp-json\/wp\/v2\/posts"}],"about":[{"href":"https:\/\/tvc16.com\/portal\/wp-json\/wp\/v2\/types\/post"}],"author":[{"embeddable":true,"href":"https:\/\/tvc16.com\/portal\/wp-json\/wp\/v2\/users\/2"}],"replies":[{"embeddable":true,"href":"https:\/\/tvc16.com\/portal\/wp-json\/wp\/v2\/comments?post=47892"}],"version-history":[{"count":1,"href":"https:\/\/tvc16.com\/portal\/wp-json\/wp\/v2\/posts\/47892\/revisions"}],"predecessor-version":[{"id":47894,"href":"https:\/\/tvc16.com\/portal\/wp-json\/wp\/v2\/posts\/47892\/revisions\/47894"}],"wp:featuredmedia":[{"embeddable":true,"href":"https:\/\/tvc16.com\/portal\/wp-json\/wp\/v2\/media\/47893"}],"wp:attachment":[{"href":"https:\/\/tvc16.com\/portal\/wp-json\/wp\/v2\/media?parent=47892"}],"wp:term":[{"taxonomy":"category","embeddable":true,"href":"https:\/\/tvc16.com\/portal\/wp-json\/wp\/v2\/categories?post=47892"},{"taxonomy":"post_tag","embeddable":true,"href":"https:\/\/tvc16.com\/portal\/wp-json\/wp\/v2\/tags?post=47892"}],"curies":[{"name":"wp","href":"https:\/\/api.w.org\/{rel}","templated":true}]}}