{"id":47898,"date":"2022-11-18T18:35:11","date_gmt":"2022-11-18T21:35:11","guid":{"rendered":"https:\/\/tvc16.com\/portal\/?p=47898"},"modified":"2022-11-18T18:35:12","modified_gmt":"2022-11-18T21:35:12","slug":"quatro-salas-de-vacinacao-contra-covid-estarao-abertas-neste-sabado-em-petropolis","status":"publish","type":"post","link":"https:\/\/tvc16.com\/portal\/2022\/11\/18\/quatro-salas-de-vacinacao-contra-covid-estarao-abertas-neste-sabado-em-petropolis\/","title":{"rendered":"Quatro salas de vacina\u00e7\u00e3o contra covid estar\u00e3o abertas neste s\u00e1bado em Petr\u00f3polis"},"content":{"rendered":"\n<p>Para garantir o acesso da popula\u00e7\u00e3o as vacinas contra a covid-19, a Prefeitura, por meio da Secretaria de Sa\u00fade, vai manter abertas, neste s\u00e1bado (19), as principais salas de imuniza\u00e7\u00e3o do munic\u00edpio. Centro de Sa\u00fade Coletiva, Centro de Sa\u00fade do Itamarati e UBS de Quitandinha e Itaipava v\u00e3o funcionar das 8h30 \u00e0s 16h30 e al\u00e9m do imunizante, os exames para detec\u00e7\u00e3o do v\u00edrus estar\u00e3o acontecendo por livre demanda, neste mesmo hor\u00e1rio.<\/p>\n\n\n\n<p>A medida foi determinada pelo prefeito Rubens Bomtempo. Isso porque, a procura pelos imunizantes aumentou em mais de 500%, ap\u00f3s o an\u00fancio da circula\u00e7\u00e3o de uma nova subvariante da \u00f4micron e eleva\u00e7\u00e3o do n\u00famero de contamina\u00e7\u00f5es no pa\u00eds, inclusive em Petr\u00f3polis.<\/p>\n\n\n\n<p>&#8220;Nesta sexta-feira (18) estamos recebendo mais um lote de 5.112 vacinas da Pfizer, destinadas aos p\u00fablicos adultos, pedi\u00e1tricos e para beb\u00eas dos seis meses a menores de tr\u00eas anos com comorbidades. Embora Petr\u00f3polis esteja com uma taxa de cobertura vacinal consider\u00e1vel, ainda \u00e9 necess\u00e1rio a conscientiza\u00e7\u00e3o de toda a popula\u00e7\u00e3o sobre a import\u00e2ncia de completar os ciclos com as quatro doses. S\u00f3 assim estaremos nos protegendo e protegendo nossos familiares, amigos, enfim, toda a cidade&#8221;, disse Bomtempo.<\/p>\n\n\n\n<p>Entre as 5.112 doses de vacinas, est\u00e3o 410 Pfizer Baby, para beb\u00eas de seis meses a dois anos, onze meses e 29 dias com comorbidades. &#8220;Estas estar\u00e3o dispon\u00edveis a partir de segunda-feira (21) beb\u00eas de seis meses a dois anos 11 meses e 29 dias com comorbidades. O atendimento desse p\u00fablico ser\u00e1 feito mediante agendamento em uma das sete salas de imuniza\u00e7\u00e3o do munic\u00edpio.<br>O novo p\u00fablico receber\u00e1 tr\u00eas doses. Por\u00e9m, ser\u00e1 necess\u00e1rio realizar um intervalo de quatro semanas da primeira para a segunda dose e de oito semanas para a terceira&#8221;, explica o secret\u00e1rio de Sa\u00fade, Marcus Curvelo.<\/p>\n\n\n\n<p>Os agendamentos devem ser feitos atrav\u00e9s dos telefones: (24) 2233-2674 ou pelo whatsapp: (24) 99220-2104. Para receber o imunizante, pais e respons\u00e1veis precisam comprovar a comorbidade da crian\u00e7a. As informa\u00e7\u00f5es ser\u00e3o solicitadas pela equipe da Divis\u00e3o de Imuniza\u00e7\u00e3o no momento dos agendamentos e os comprovantes apresentados na hora da aplica\u00e7\u00e3o da vacina.<\/p>\n\n\n\n<p><em>Postos de vacina\u00e7\u00e3o covid-19 de segunda-feira a sexta-feira<\/em><\/p>\n\n\n\n<p>\u2022 Centro de Sa\u00fade Coletiva (adulto e pedi\u00e1trico)<br>Segunda e quarta \u2013 8h30 \u00e0s 19h30<br>Ter\u00e7a, quinta e sexta \u2013 8h \u00e0s 16h30<\/p>\n\n\n\n<p>\u2022 Centro de Sa\u00fade do Itamarati (adulto e pedi\u00e1trico)<br>Quarta e sexta \u2013 8h30 \u00e0s 19h30<br>Segunda-feira, ter\u00e7a-feira e quinta-feira \u2013 8h30 \u00e0s 16h30<\/p>\n\n\n\n<p>\u2022 UBS Quitandinha e UBS Itaipava (adulto e pedi\u00e1trico)<br>Ter\u00e7a e quinta \u2013 8h30 \u00e0s 19h30<br>Segunda-feira, quarta-feira e sexta-feira \u2013 8h30 \u00e0s 16h30<br>\u2022 PSF Posse e PSF Menino Jesus de Praga (adulto e pedi\u00e1trico)<br>Segunda a sexta \u2013 8h \u00e0s 16h<\/p>\n\n\n\n<p>\u2022 UBS Morin (adulto)<br>Segunda a sexta \u2013 8h \u00e0s 16h<\/p>\n\n\n\n<p><em>Vacina\u00e7\u00e3o aos s\u00e1bados \u2013 8h30 \u00e0s 16h30<\/em><\/p>\n\n\n\n<p>19\/11 UBSs Quitandinha e Itaipava e Centros de Sa\u00fade Coletiva (Rua Santos Dumont) e Itamarati.<\/p>\n\n\n\n<p>26\/11 Centro de Sa\u00fade do Itamarati.<\/p>\n","protected":false},"excerpt":{"rendered":"<p>Para garantir o acesso da popula\u00e7\u00e3o as vacinas contra a covid-19, a Prefeitura, por meio<\/p>\n","protected":false},"author":2,"featured_media":47899,"comment_status":"open","ping_status":"open","sticky":false,"template":"","format":"standard","meta":{"footnotes":""},"categories":[12],"tags":[],"class_list":["post-47898","post","type-post","status-publish","format-standard","has-post-thumbnail","hentry","category-cidade"],"_links":{"self":[{"href":"https:\/\/tvc16.com\/portal\/wp-json\/wp\/v2\/posts\/47898","targetHints":{"allow":["GET"]}}],"collection":[{"href":"https:\/\/tvc16.com\/portal\/wp-json\/wp\/v2\/posts"}],"about":[{"href":"https:\/\/tvc16.com\/portal\/wp-json\/wp\/v2\/types\/post"}],"author":[{"embeddable":true,"href":"https:\/\/tvc16.com\/portal\/wp-json\/wp\/v2\/users\/2"}],"replies":[{"embeddable":true,"href":"https:\/\/tvc16.com\/portal\/wp-json\/wp\/v2\/comments?post=47898"}],"version-history":[{"count":1,"href":"https:\/\/tvc16.com\/portal\/wp-json\/wp\/v2\/posts\/47898\/revisions"}],"predecessor-version":[{"id":47900,"href":"https:\/\/tvc16.com\/portal\/wp-json\/wp\/v2\/posts\/47898\/revisions\/47900"}],"wp:featuredmedia":[{"embeddable":true,"href":"https:\/\/tvc16.com\/portal\/wp-json\/wp\/v2\/media\/47899"}],"wp:attachment":[{"href":"https:\/\/tvc16.com\/portal\/wp-json\/wp\/v2\/media?parent=47898"}],"wp:term":[{"taxonomy":"category","embeddable":true,"href":"https:\/\/tvc16.com\/portal\/wp-json\/wp\/v2\/categories?post=47898"},{"taxonomy":"post_tag","embeddable":true,"href":"https:\/\/tvc16.com\/portal\/wp-json\/wp\/v2\/tags?post=47898"}],"curies":[{"name":"wp","href":"https:\/\/api.w.org\/{rel}","templated":true}]}}