{"id":47905,"date":"2022-11-21T07:00:00","date_gmt":"2022-11-21T10:00:00","guid":{"rendered":"https:\/\/tvc16.com\/portal\/?p=47905"},"modified":"2022-11-18T21:21:03","modified_gmt":"2022-11-19T00:21:03","slug":"vacinacao-contra-a-covid-19-para-bebes-de-seis-meses-a-2-anos-e-11-meses-com-comorbidades-comeca-hoje","status":"publish","type":"post","link":"https:\/\/tvc16.com\/portal\/2022\/11\/21\/vacinacao-contra-a-covid-19-para-bebes-de-seis-meses-a-2-anos-e-11-meses-com-comorbidades-comeca-hoje\/","title":{"rendered":"Vacina\u00e7\u00e3o contra a covid-19 para beb\u00eas de seis meses a 2 anos e 11 meses com comorbidades come\u00e7a hoje"},"content":{"rendered":"\n<p>A partir desta segunda-feira (21) tem in\u00edcio o agendamento da primeira dose da vacina contra a covid-19 para beb\u00eas de seis meses a dois anos 11 meses e 29 dias com comorbidades. O atendimento desse p\u00fablico ser\u00e1 feito em uma das sete salas de imuniza\u00e7\u00e3o do munic\u00edpio e precisa ser feito atrav\u00e9s dos telefones: (24) 2233-2674 ou pelo whatsapp: (24) 99220-2104.<\/p>\n\n\n\n<p>Para receber o imunizante, pais e respons\u00e1veis precisam comprovar a comorbidade da crian\u00e7a no momento dos agendamentos e apresentar os comprovantes no momento da aplica\u00e7\u00e3o da vacina. O novo p\u00fablico receber\u00e1 tr\u00eas doses, com um intervalo de quatro semanas da primeira para a segunda dose e de oito semanas para o refor\u00e7o.<\/p>\n\n\n\n<p>Al\u00e9m das vacinas Pfizer Baby, o munic\u00edpio vai receber  4.002 doses da Pfizer adulto e outras 700 doses pedi\u00e1tricas, destinadas a crian\u00e7as de tr\u00eas a onze anos. <\/p>\n\n\n\n<p><\/p>\n","protected":false},"excerpt":{"rendered":"<p>A partir desta segunda-feira (21) tem in\u00edcio o agendamento da primeira dose da vacina contra<\/p>\n","protected":false},"author":2,"featured_media":47906,"comment_status":"open","ping_status":"open","sticky":false,"template":"","format":"standard","meta":{"footnotes":""},"categories":[12,264,13],"tags":[],"class_list":["post-47905","post","type-post","status-publish","format-standard","has-post-thumbnail","hentry","category-cidade","category-destaque","category-saude"],"_links":{"self":[{"href":"https:\/\/tvc16.com\/portal\/wp-json\/wp\/v2\/posts\/47905","targetHints":{"allow":["GET"]}}],"collection":[{"href":"https:\/\/tvc16.com\/portal\/wp-json\/wp\/v2\/posts"}],"about":[{"href":"https:\/\/tvc16.com\/portal\/wp-json\/wp\/v2\/types\/post"}],"author":[{"embeddable":true,"href":"https:\/\/tvc16.com\/portal\/wp-json\/wp\/v2\/users\/2"}],"replies":[{"embeddable":true,"href":"https:\/\/tvc16.com\/portal\/wp-json\/wp\/v2\/comments?post=47905"}],"version-history":[{"count":2,"href":"https:\/\/tvc16.com\/portal\/wp-json\/wp\/v2\/posts\/47905\/revisions"}],"predecessor-version":[{"id":47918,"href":"https:\/\/tvc16.com\/portal\/wp-json\/wp\/v2\/posts\/47905\/revisions\/47918"}],"wp:featuredmedia":[{"embeddable":true,"href":"https:\/\/tvc16.com\/portal\/wp-json\/wp\/v2\/media\/47906"}],"wp:attachment":[{"href":"https:\/\/tvc16.com\/portal\/wp-json\/wp\/v2\/media?parent=47905"}],"wp:term":[{"taxonomy":"category","embeddable":true,"href":"https:\/\/tvc16.com\/portal\/wp-json\/wp\/v2\/categories?post=47905"},{"taxonomy":"post_tag","embeddable":true,"href":"https:\/\/tvc16.com\/portal\/wp-json\/wp\/v2\/tags?post=47905"}],"curies":[{"name":"wp","href":"https:\/\/api.w.org\/{rel}","templated":true}]}}