{"id":47908,"date":"2022-11-20T08:00:00","date_gmt":"2022-11-20T11:00:00","guid":{"rendered":"https:\/\/tvc16.com\/portal\/?p=47908"},"modified":"2022-11-18T20:10:20","modified_gmt":"2022-11-18T23:10:20","slug":"reparticoes-publicas-terao-horario-especial-durante-jogos-da-selecao","status":"publish","type":"post","link":"https:\/\/tvc16.com\/portal\/2022\/11\/20\/reparticoes-publicas-terao-horario-especial-durante-jogos-da-selecao\/","title":{"rendered":"Reparti\u00e7\u00f5es p\u00fablicas ter\u00e3o hor\u00e1rio especial durante jogos da Sele\u00e7\u00e3o"},"content":{"rendered":"\n<p><em>Medida, adotada tradicionalmente por conta da grande mobiliza\u00e7\u00e3o popular, segue par\u00e2metro j\u00e1 adotado pelo Estado e outros munic\u00edpios<\/em><\/p>\n\n\n\n<p>A Prefeitura de Petr\u00f3polis publicou decreto, no Di\u00e1rio Oficial, estabelecendo hor\u00e1rio especial de funcionamento das reparti\u00e7\u00f5es p\u00fablicas nos dias de jogos da Sele\u00e7\u00e3o Brasileira na fase de grupos da Copa do Mundo FIFA Catar 2022. A medida segue tradi\u00e7\u00e3o de d\u00e9cadas, em fun\u00e7\u00e3o da grande mobiliza\u00e7\u00e3o popular que as partidas geram.<\/p>\n\n\n\n<p>O decreto segue diretriz j\u00e1 publicada pelo Governo do Estado e por outras prefeituras. \u00c9 importante lembrar que est\u00e3o exclu\u00eddos do documento \u00f3rg\u00e3os cujos servi\u00e7os n\u00e3o admitam paralisa\u00e7\u00e3o. A Secretaria de Sa\u00fade, por sua vez, far\u00e1 resolu\u00e7\u00e3o pr\u00f3pria para o expediente nas unidades.<\/p>\n\n\n\n<p>Saiba como ser\u00e1 o funcionamento nos dias de jogos na primeira fase:<\/p>\n\n\n\n<p>24 de novembro \u2013 Brasil x S\u00e9rvia (jogo \u00e0s 16h): 8h \u00e0s 12h;<br>28 de novembro \u2013 Brasil x Su\u00ed\u00e7a (jogo \u00e0s 13h): 8h \u00e0s 11h;<br>2 de dezembro \u2013 Brasil x Camar\u00f5es (jogo \u00e0s 16h): 8h \u00e0s 12h.<\/p>\n","protected":false},"excerpt":{"rendered":"<p>Medida, adotada tradicionalmente por conta da grande mobiliza\u00e7\u00e3o popular, segue par\u00e2metro j\u00e1 adotado pelo Estado<\/p>\n","protected":false},"author":2,"featured_media":47909,"comment_status":"open","ping_status":"open","sticky":false,"template":"","format":"standard","meta":{"footnotes":""},"categories":[12,264,20],"tags":[],"class_list":["post-47908","post","type-post","status-publish","format-standard","has-post-thumbnail","hentry","category-cidade","category-destaque","category-esporte"],"_links":{"self":[{"href":"https:\/\/tvc16.com\/portal\/wp-json\/wp\/v2\/posts\/47908","targetHints":{"allow":["GET"]}}],"collection":[{"href":"https:\/\/tvc16.com\/portal\/wp-json\/wp\/v2\/posts"}],"about":[{"href":"https:\/\/tvc16.com\/portal\/wp-json\/wp\/v2\/types\/post"}],"author":[{"embeddable":true,"href":"https:\/\/tvc16.com\/portal\/wp-json\/wp\/v2\/users\/2"}],"replies":[{"embeddable":true,"href":"https:\/\/tvc16.com\/portal\/wp-json\/wp\/v2\/comments?post=47908"}],"version-history":[{"count":1,"href":"https:\/\/tvc16.com\/portal\/wp-json\/wp\/v2\/posts\/47908\/revisions"}],"predecessor-version":[{"id":47910,"href":"https:\/\/tvc16.com\/portal\/wp-json\/wp\/v2\/posts\/47908\/revisions\/47910"}],"wp:featuredmedia":[{"embeddable":true,"href":"https:\/\/tvc16.com\/portal\/wp-json\/wp\/v2\/media\/47909"}],"wp:attachment":[{"href":"https:\/\/tvc16.com\/portal\/wp-json\/wp\/v2\/media?parent=47908"}],"wp:term":[{"taxonomy":"category","embeddable":true,"href":"https:\/\/tvc16.com\/portal\/wp-json\/wp\/v2\/categories?post=47908"},{"taxonomy":"post_tag","embeddable":true,"href":"https:\/\/tvc16.com\/portal\/wp-json\/wp\/v2\/tags?post=47908"}],"curies":[{"name":"wp","href":"https:\/\/api.w.org\/{rel}","templated":true}]}}