{"id":47911,"date":"2022-11-19T07:00:00","date_gmt":"2022-11-19T10:00:00","guid":{"rendered":"https:\/\/tvc16.com\/portal\/?p=47911"},"modified":"2022-11-18T20:59:22","modified_gmt":"2022-11-18T23:59:22","slug":"mostra-de-cinema-da-festa-afro-ubuntu-tera-sessao-de-curtas","status":"publish","type":"post","link":"https:\/\/tvc16.com\/portal\/2022\/11\/19\/mostra-de-cinema-da-festa-afro-ubuntu-tera-sessao-de-curtas\/","title":{"rendered":"Mostra de cinema da Festa Afro Ubuntu ter\u00e1 sess\u00e3o de curtas"},"content":{"rendered":"\n<p>Come\u00e7a neste s\u00e1bado (19), a exibi\u00e7\u00e3o de curtas metragens que fazem parte da mostra de cinema da 10\u00ba edi\u00e7\u00e3o da Festa Afro Ubuntu, promovida pela Prefeitura e pelo Conselho Municipal de Prote\u00e7\u00e3o \u00e0 Igualdade Racial (Compir). A programa\u00e7\u00e3o tem o apoio do Sesc RJ com o Cine Sesc. As exibi\u00e7\u00f5es, gratuitas, acontecem no Sala de Cinema Humberto Mauro, no Centro de Cultura Raul de Leoni.<\/p>\n\n\n\n<p>Sess\u00e3o de Curtas:<br>19 de novembro, s\u00e1bado, 19h<\/p>\n\n\n\n<ul class=\"wp-block-list\">\n<li>Pattaki de Everlane Moraes. SE \/ Brasil. 2018. 21 min. Document\u00e1rio. 12 anos.<br>Os peixes agonizam \u00e0 beira-mar \u00e0 medida que a \u00e1gua invade a cidade e forma espelhos que distorcem sua imagem. Na noite densa, quando a Lua sobe a mar\u00e9, esses seres, que vivem uma vida di\u00e1ria mon\u00f3tona sem \u00e1gua, s\u00e3o hipnotizados pelos poderes de Iemanj\u00e1, a deusa do mar.<\/li>\n<\/ul>\n\n\n\n<ul class=\"wp-block-list\">\n<li>Meus santos sa\u00fadam teus santos de Rodrigo Antonio. PA \/ Brasil. 2021. 14 min. Document\u00e1rio. Livre.<br>Em uma viagem de regresso \u00e0 ilha do Maraj\u00f3, terra de seus av\u00f3s, Rodrigo conhece a paj\u00e9 Roxita e recebe a not\u00edcia de que t\u00eam guias espirituais de heran\u00e7a. Rodrigo vive sua inicia\u00e7\u00e3o na pajelan\u00e7a marajoara e registra sua rela\u00e7\u00e3o com Roxita, que ser\u00e1 sua guia num encontro com seus ancestrais.<\/li>\n<\/ul>\n\n\n\n<figure class=\"wp-block-image size-large\"><img loading=\"lazy\" decoding=\"async\" width=\"1024\" height=\"640\" src=\"https:\/\/tvc16.com\/portal\/wp-content\/uploads\/2022\/11\/Still-05-Rodrigo-Antonio-1-1080x675-1-1024x640.jpeg\" alt=\"\" class=\"wp-image-47913\" srcset=\"https:\/\/tvc16.com\/portal\/wp-content\/uploads\/2022\/11\/Still-05-Rodrigo-Antonio-1-1080x675-1-1024x640.jpeg 1024w, https:\/\/tvc16.com\/portal\/wp-content\/uploads\/2022\/11\/Still-05-Rodrigo-Antonio-1-1080x675-1-300x188.jpeg 300w, https:\/\/tvc16.com\/portal\/wp-content\/uploads\/2022\/11\/Still-05-Rodrigo-Antonio-1-1080x675-1-768x480.jpeg 768w, https:\/\/tvc16.com\/portal\/wp-content\/uploads\/2022\/11\/Still-05-Rodrigo-Antonio-1-1080x675-1.jpeg 1080w\" sizes=\"auto, (max-width: 1024px) 100vw, 1024px\" \/><\/figure>\n\n\n\n<ul class=\"wp-block-list\">\n<li>Ser feliz no v\u00e3o de Lucas H. Rossi dos Santos. RJ \/ Brasil. 2020. 13 min. Document\u00e1rio. 14 anos. Um ensaio preto sobre trens, praias e ocupa\u00e7\u00e3o de espa\u00e7o.<\/li>\n<\/ul>\n\n\n\n<figure class=\"wp-block-image size-full\"><img loading=\"lazy\" decoding=\"async\" width=\"290\" height=\"478\" src=\"https:\/\/tvc16.com\/portal\/wp-content\/uploads\/2022\/11\/unnamed-nkzqgea.jpg\" alt=\"\" class=\"wp-image-47914\" srcset=\"https:\/\/tvc16.com\/portal\/wp-content\/uploads\/2022\/11\/unnamed-nkzqgea.jpg 290w, https:\/\/tvc16.com\/portal\/wp-content\/uploads\/2022\/11\/unnamed-nkzqgea-182x300.jpg 182w\" sizes=\"auto, (max-width: 290px) 100vw, 290px\" \/><\/figure>\n\n\n\n<p>24 de novembro, quinta-feira, 19h<\/p>\n\n\n\n<ul class=\"wp-block-list\">\n<li>Orin &#8211; M\u00fasica para os Orix\u00e1s de Henrique Duarte. BA \/ Brasil. 2018. 74 min. Document\u00e1rio. Livre.<br>A m\u00fasica popular brasileira foi muito influenciada, ao longo do tempo, por terreiros de Candombl\u00e9, que foram precursores de g\u00eaneros que deram origem ao samba, ao bai\u00e3o, e at\u00e9 mesmo ao funk carioca. Para entender melhor como funciona a resist\u00eancia musical e espiritualista dos Orix\u00e1s, diversos soci\u00f3logos, artistas e etnomusic\u00f3logos analisam as cantigas sagradas chamadas de Orin na linguagem iorub\u00e1.<\/li>\n<\/ul>\n\n\n\n<p>26 de novembro, s\u00e1bado, 19h<\/p>\n\n\n\n<ul class=\"wp-block-list\">\n<li>A tradicional fam\u00edlia brasileira Katu de Rodrigo Sena. RN \/ Brasil. 2020. 25 min. Document\u00e1rio. Livre.<br>Em 2007, \u00e9 produzido um ensaio fotogr\u00e1fico em reconhecimento aos povos origin\u00e1rios Potiguaras, em que s\u00e3o retratados doze adolescentes pertencentes ao Eleut\u00e9rio do Katu, Rio Grande do Norte. Doze anos depois, o fot\u00f3grafo volta ao Katu em busca desses protagonistas, hoje j\u00e1 adultos, para saber sobre suas trajet\u00f3rias pessoais e suas vis\u00f5es de mundo.<\/li>\n<\/ul>\n\n\n\n<ul class=\"wp-block-list\">\n<li>Curica! de Thiago Jos\u00e9 de Carvalho Furtado. PI \/ Brasil. 2021. 20 min. Document\u00e1rio. 12 anos.<br>Uma leitura audiovisual das mem\u00f3rias de cinco mulheres, de v\u00e1rias gera\u00e7\u00f5es, v\u00edtimas de trabalho dom\u00e9stico infantil\/trabalho an\u00e1logo \u00e0 escravid\u00e3o.<\/li>\n<\/ul>\n\n\n\n<ul class=\"wp-block-list\">\n<li>Maikan: a terra da raposa, de \u00c9der Rodrigues dos Santos \/ Enoque Raposo. RR \/ Brasil. 2019. 13 min. Document\u00e1rio. Livre.<br>Maikan, na l\u00edngua ind\u00edgena Macuxi, significa raposa. No document\u00e1rio, s\u00e3o tratadas a mem\u00f3ria e a cultura do povo Macuxi da comunidade Raposa, na Terra Ind\u00edgena Raposa Serra do Sol, estado de Roraima, com seu modo de vida e processo milenar de ocupa\u00e7\u00e3o n\u00f4made das serras e campos do entorno do Monte Roraima, ber\u00e7o de Makunaima. A comunidade da Raposa est\u00e1 situada atualmente nos campos, fundada a partir da narrativa m\u00edtica da fuga da Raposa nas serras, que foi perseguida pelos seus donos Anik\u00ea e Insikiran, filhos de Makunaima, o que define a morfologia e as narrativas dos lugares de afeto. Uma cultura forte, que resiste e dialoga com a sociedade do entorno.<\/li>\n<\/ul>\n","protected":false},"excerpt":{"rendered":"<p>Come\u00e7a neste s\u00e1bado (19), a exibi\u00e7\u00e3o de curtas metragens que fazem parte da mostra de<\/p>\n","protected":false},"author":2,"featured_media":47912,"comment_status":"open","ping_status":"open","sticky":false,"template":"","format":"standard","meta":{"footnotes":""},"categories":[12,21],"tags":[],"class_list":["post-47911","post","type-post","status-publish","format-standard","has-post-thumbnail","hentry","category-cidade","category-cultura"],"_links":{"self":[{"href":"https:\/\/tvc16.com\/portal\/wp-json\/wp\/v2\/posts\/47911","targetHints":{"allow":["GET"]}}],"collection":[{"href":"https:\/\/tvc16.com\/portal\/wp-json\/wp\/v2\/posts"}],"about":[{"href":"https:\/\/tvc16.com\/portal\/wp-json\/wp\/v2\/types\/post"}],"author":[{"embeddable":true,"href":"https:\/\/tvc16.com\/portal\/wp-json\/wp\/v2\/users\/2"}],"replies":[{"embeddable":true,"href":"https:\/\/tvc16.com\/portal\/wp-json\/wp\/v2\/comments?post=47911"}],"version-history":[{"count":1,"href":"https:\/\/tvc16.com\/portal\/wp-json\/wp\/v2\/posts\/47911\/revisions"}],"predecessor-version":[{"id":47915,"href":"https:\/\/tvc16.com\/portal\/wp-json\/wp\/v2\/posts\/47911\/revisions\/47915"}],"wp:featuredmedia":[{"embeddable":true,"href":"https:\/\/tvc16.com\/portal\/wp-json\/wp\/v2\/media\/47912"}],"wp:attachment":[{"href":"https:\/\/tvc16.com\/portal\/wp-json\/wp\/v2\/media?parent=47911"}],"wp:term":[{"taxonomy":"category","embeddable":true,"href":"https:\/\/tvc16.com\/portal\/wp-json\/wp\/v2\/categories?post=47911"},{"taxonomy":"post_tag","embeddable":true,"href":"https:\/\/tvc16.com\/portal\/wp-json\/wp\/v2\/tags?post=47911"}],"curies":[{"name":"wp","href":"https:\/\/api.w.org\/{rel}","templated":true}]}}