{"id":47919,"date":"2022-11-20T10:00:00","date_gmt":"2022-11-20T13:00:00","guid":{"rendered":"https:\/\/tvc16.com\/portal\/?p=47919"},"modified":"2022-11-18T21:39:43","modified_gmt":"2022-11-19T00:39:43","slug":"urologista-esclarece-duvidas-de-pacientes-sobre-o-cancer-de-prostata","status":"publish","type":"post","link":"https:\/\/tvc16.com\/portal\/2022\/11\/20\/urologista-esclarece-duvidas-de-pacientes-sobre-o-cancer-de-prostata\/","title":{"rendered":"Urologista esclarece d\u00favidas de pacientes sobre o c\u00e2ncer de pr\u00f3stata"},"content":{"rendered":"\n<p>O m\u00e9dico urologista Rafael Gabrich, participou de uma roda de conversa com pacientes em tratamento contra o c\u00e2ncer de pr\u00f3stata e familiares de pessoas que j\u00e1 passaram por acompanhamento da doen\u00e7a, no Centro Regional de Radioterapia &#8211; RadioSerra, na \u00faltima quinta-feira, (17), como parte da campanha do Novembro Azul em Petr\u00f3polis.<\/p>\n\n\n\n<figure class=\"wp-block-image size-large\"><img loading=\"lazy\" decoding=\"async\" width=\"1024\" height=\"681\" src=\"https:\/\/tvc16.com\/portal\/wp-content\/uploads\/2022\/11\/WhatsApp-Image-2022-11-18-at-17.49.13-1024x681.jpeg\" alt=\"\" class=\"wp-image-47921\" srcset=\"https:\/\/tvc16.com\/portal\/wp-content\/uploads\/2022\/11\/WhatsApp-Image-2022-11-18-at-17.49.13-1024x681.jpeg 1024w, https:\/\/tvc16.com\/portal\/wp-content\/uploads\/2022\/11\/WhatsApp-Image-2022-11-18-at-17.49.13-300x199.jpeg 300w, https:\/\/tvc16.com\/portal\/wp-content\/uploads\/2022\/11\/WhatsApp-Image-2022-11-18-at-17.49.13-768x511.jpeg 768w, https:\/\/tvc16.com\/portal\/wp-content\/uploads\/2022\/11\/WhatsApp-Image-2022-11-18-at-17.49.13-900x600.jpeg 900w, https:\/\/tvc16.com\/portal\/wp-content\/uploads\/2022\/11\/WhatsApp-Image-2022-11-18-at-17.49.13.jpeg 1280w\" sizes=\"auto, (max-width: 1024px) 100vw, 1024px\" \/><figcaption class=\"wp-element-caption\">Pacientes participam de roda de conversa<\/figcaption><\/figure>\n\n\n\n<p>O movimento \u00e9 promovido em parceria com a Associa\u00e7\u00e3o Petropolitana dos Pacientes Oncol\u00f3gicos, a APPO, que tem encabe\u00e7ado junto a Prefeitura, a\u00e7\u00f5es para refor\u00e7ar a import\u00e2ncia de uma programa\u00e7\u00e3o com o objetivo da conscientiza\u00e7\u00e3o sobre a import\u00e2ncia do diagn\u00f3stico precoce.<\/p>\n\n\n\n<p>\u201cH\u00e1 quatorze anos temos realizado o movimento do outubro rosa, que chama a aten\u00e7\u00e3o sobre o c\u00e2ncer de mama. E conquistamos in\u00fameros avan\u00e7os em pol\u00edticas p\u00fablicas dedicadas \u00e0 mastologia para as mulheres. Hoje buscamos ampliar o acesso para os homens tamb\u00e9m, atrav\u00e9s da conquista de um setor espec\u00edfico para tratar esses casos e conseguir melhorias e consequentemente, mais consultas, cirurgias e exames, ampliando as possibilidades de cura\u201d, afirma Ana Cristina Mattos, presidente da APPO.<\/p>\n\n\n\n<p>Ao longo do encontro, o m\u00e9dico tratou de temas de extrema relev\u00e2ncia para a sa\u00fade do homem, como a resist\u00eancia \u00e0s consultas, a import\u00e2ncia do PSA para identificar poss\u00edveis altera\u00e7\u00f5es na pr\u00f3stata, taxa de sobrevida, cirurgias e tratamento.<\/p>\n\n\n\n<p>\u201cOs homens precisam procurar o urologista a partir dos 50 anos. Mas existem alguns casos que exigem aten\u00e7\u00e3o especial, como por exemplo: aqueles que tem hist\u00f3rico de c\u00e2ncer de pr\u00f3stata na fam\u00edlia e pessoas negras. Nesses casos, a chance de desenvolver tumores \u00e9 maior e por isso recomendamos o acompanhamento, j\u00e1 que a doen\u00e7a se instala de forma silenciosa. Quando os casos s\u00e3o diagnosticados precocemente, a taxa de cura \u00e9 muito maior. Por isso esses encontros s\u00e3o momentos muito importantes, j\u00e1 que esses pacientes conseguem se abrir, tirar d\u00favidas e auxiliar a espalhar informa\u00e7\u00f5es e evitar um aumento no n\u00famero de mortes. Precisamos propagar cada vez mais a informa\u00e7\u00e3o e essa oportunidade \u00e9 incr\u00edvel\u201d, detalha o M\u00e9dico Urologista Rafael Gabrich.<\/p>\n\n\n\n<p>O pr\u00f3ximo encontro acontece na quinta-feira (24), a partir das 10h na Rua Dr. S\u00e1 Earp, 309 &#8211; Centro.<\/p>\n","protected":false},"excerpt":{"rendered":"<p>O m\u00e9dico urologista Rafael Gabrich, participou de uma roda de conversa com pacientes em tratamento<\/p>\n","protected":false},"author":2,"featured_media":47920,"comment_status":"open","ping_status":"open","sticky":false,"template":"","format":"standard","meta":{"footnotes":""},"categories":[12,264,13],"tags":[],"class_list":["post-47919","post","type-post","status-publish","format-standard","has-post-thumbnail","hentry","category-cidade","category-destaque","category-saude"],"_links":{"self":[{"href":"https:\/\/tvc16.com\/portal\/wp-json\/wp\/v2\/posts\/47919","targetHints":{"allow":["GET"]}}],"collection":[{"href":"https:\/\/tvc16.com\/portal\/wp-json\/wp\/v2\/posts"}],"about":[{"href":"https:\/\/tvc16.com\/portal\/wp-json\/wp\/v2\/types\/post"}],"author":[{"embeddable":true,"href":"https:\/\/tvc16.com\/portal\/wp-json\/wp\/v2\/users\/2"}],"replies":[{"embeddable":true,"href":"https:\/\/tvc16.com\/portal\/wp-json\/wp\/v2\/comments?post=47919"}],"version-history":[{"count":1,"href":"https:\/\/tvc16.com\/portal\/wp-json\/wp\/v2\/posts\/47919\/revisions"}],"predecessor-version":[{"id":47922,"href":"https:\/\/tvc16.com\/portal\/wp-json\/wp\/v2\/posts\/47919\/revisions\/47922"}],"wp:featuredmedia":[{"embeddable":true,"href":"https:\/\/tvc16.com\/portal\/wp-json\/wp\/v2\/media\/47920"}],"wp:attachment":[{"href":"https:\/\/tvc16.com\/portal\/wp-json\/wp\/v2\/media?parent=47919"}],"wp:term":[{"taxonomy":"category","embeddable":true,"href":"https:\/\/tvc16.com\/portal\/wp-json\/wp\/v2\/categories?post=47919"},{"taxonomy":"post_tag","embeddable":true,"href":"https:\/\/tvc16.com\/portal\/wp-json\/wp\/v2\/tags?post=47919"}],"curies":[{"name":"wp","href":"https:\/\/api.w.org\/{rel}","templated":true}]}}