{"id":47927,"date":"2022-11-19T09:45:00","date_gmt":"2022-11-19T12:45:00","guid":{"rendered":"https:\/\/tvc16.com\/portal\/?p=47927"},"modified":"2022-11-18T22:29:35","modified_gmt":"2022-11-19T01:29:35","slug":"festa-afro-ubuntu-e-realizada-ate-domingo-20-na-praca-da-liberdade-em-petropolis","status":"publish","type":"post","link":"https:\/\/tvc16.com\/portal\/2022\/11\/19\/festa-afro-ubuntu-e-realizada-ate-domingo-20-na-praca-da-liberdade-em-petropolis\/","title":{"rendered":"Festa Afro Ubuntu \u00e9 realizada at\u00e9 domingo (20) na Pra\u00e7a da Liberdade, em Petr\u00f3polis"},"content":{"rendered":"\n<p><em>Larissa Martins<\/em><\/p>\n\n\n\n<p>A 10\u00aa edi\u00e7\u00e3o da Festa Afro Ubuntu, promovida pela prefeitura de Petr\u00f3polis e pelo Conselho Municipal de Prote\u00e7\u00e3o \u00e0 Igualdade Racial, come\u00e7ou na quinta-feira (17) na Pra\u00e7a da Liberdade. Na programa\u00e7\u00e3o gratuita, est\u00e3o shows com artistas renomados da m\u00fasica brasileira, apresenta\u00e7\u00f5es culturais e musicais de artistas locais. Na oportunidade, foi lan\u00e7ado o programa Disque Antirracismo, que busca combater a discrimina\u00e7\u00e3o racial na cidade.<\/p>\n\n\n\n<figure class=\"wp-block-image size-large\"><img loading=\"lazy\" decoding=\"async\" width=\"1024\" height=\"576\" src=\"https:\/\/tvc16.com\/portal\/wp-content\/uploads\/2022\/11\/WhatsApp-Image-2022-11-18-at-18.02.35-1024x576.jpeg\" alt=\"\" class=\"wp-image-47930\" srcset=\"https:\/\/tvc16.com\/portal\/wp-content\/uploads\/2022\/11\/WhatsApp-Image-2022-11-18-at-18.02.35-1024x576.jpeg 1024w, https:\/\/tvc16.com\/portal\/wp-content\/uploads\/2022\/11\/WhatsApp-Image-2022-11-18-at-18.02.35-300x169.jpeg 300w, https:\/\/tvc16.com\/portal\/wp-content\/uploads\/2022\/11\/WhatsApp-Image-2022-11-18-at-18.02.35-768x432.jpeg 768w, https:\/\/tvc16.com\/portal\/wp-content\/uploads\/2022\/11\/WhatsApp-Image-2022-11-18-at-18.02.35.jpeg 1280w\" sizes=\"auto, (max-width: 1024px) 100vw, 1024px\" \/><\/figure>\n\n\n\n<p>O diretor da Coordenadoria Municipal de Promo\u00e7\u00e3o da Igualdade Racial (COMPIR), explica a import\u00e2ncia da cria\u00e7\u00e3o desta linha de prote\u00e7\u00e3o. \u201cO objetivo da festa \u00e9 comemorar e preservar a cultura afro brasileira. Queremos por meio da festa garantir a\u00e7\u00f5es de pol\u00edticas p\u00fablicas que v\u00e3o assegurar os direitos dos negros na cidade. Por isso lan\u00e7amos o programa Disque Antirracista. O primeiro atendimento \u00e9 feito no COMPIR e encaminhamos os casos para os profissionais especializados. As v\u00edtimas podem fazer den\u00fancias pelo n\u00famero 0800-024-1000\u201d, explica Filipe Graciano.<\/p>\n\n\n\n<figure class=\"wp-block-gallery has-nested-images columns-default is-cropped wp-block-gallery-1 is-layout-flex wp-block-gallery-is-layout-flex\">\n<figure class=\"wp-block-image size-large\"><img loading=\"lazy\" decoding=\"async\" width=\"1024\" height=\"576\" data-id=\"47933\" src=\"https:\/\/tvc16.com\/portal\/wp-content\/uploads\/2022\/11\/WhatsApp-Image-2022-11-18-at-18.02.32-1024x576.jpeg\" alt=\"\" class=\"wp-image-47933\" srcset=\"https:\/\/tvc16.com\/portal\/wp-content\/uploads\/2022\/11\/WhatsApp-Image-2022-11-18-at-18.02.32-1024x576.jpeg 1024w, https:\/\/tvc16.com\/portal\/wp-content\/uploads\/2022\/11\/WhatsApp-Image-2022-11-18-at-18.02.32-300x169.jpeg 300w, https:\/\/tvc16.com\/portal\/wp-content\/uploads\/2022\/11\/WhatsApp-Image-2022-11-18-at-18.02.32-768x432.jpeg 768w, https:\/\/tvc16.com\/portal\/wp-content\/uploads\/2022\/11\/WhatsApp-Image-2022-11-18-at-18.02.32.jpeg 1280w\" sizes=\"auto, (max-width: 1024px) 100vw, 1024px\" \/><\/figure>\n<\/figure>\n\n\n\n<p>Apesar da festa existir h\u00e1 dez anos, apenas neste ano ela recebeu um nome. Ubuntu \u00e9 o nome de uma tribo africana. O significado remete a um conceito moral, uma filosofia, um modo de viver que se op\u00f5e ao narcisismo e ao individualismo, ou seja, ensina o altru\u00edsmo, fraternidade e colabora\u00e7\u00e3o entre os seres humanos.<\/p>\n\n\n\n<figure class=\"wp-block-image size-large\"><img loading=\"lazy\" decoding=\"async\" width=\"1024\" height=\"576\" src=\"https:\/\/tvc16.com\/portal\/wp-content\/uploads\/2022\/11\/WhatsApp-Image-2022-11-18-at-18.02.36-1024x576.jpeg\" alt=\"\" class=\"wp-image-47934\" srcset=\"https:\/\/tvc16.com\/portal\/wp-content\/uploads\/2022\/11\/WhatsApp-Image-2022-11-18-at-18.02.36-1024x576.jpeg 1024w, https:\/\/tvc16.com\/portal\/wp-content\/uploads\/2022\/11\/WhatsApp-Image-2022-11-18-at-18.02.36-300x169.jpeg 300w, https:\/\/tvc16.com\/portal\/wp-content\/uploads\/2022\/11\/WhatsApp-Image-2022-11-18-at-18.02.36-768x432.jpeg 768w, https:\/\/tvc16.com\/portal\/wp-content\/uploads\/2022\/11\/WhatsApp-Image-2022-11-18-at-18.02.36.jpeg 1280w\" sizes=\"auto, (max-width: 1024px) 100vw, 1024px\" \/><\/figure>\n\n\n\n<p>O bloco de carnaval \u201cGuerreiros da Vinte\u201d foi respons\u00e1vel por abrir a cerim\u00f4nia. Por conta da pandemia, as apresenta\u00e7\u00f5es ficaram paralisadas. Na festa, os integrantes j\u00e1 chegaram na pra\u00e7a marcando presen\u00e7a e for\u00e7a. Isabele Cristine \u00e9 rainha da bateria e ficou emocionada com a oportunidade. \u201cN\u00e3o tenho palavras para descrever o evento, porque \u00e9 raro ver a festa afro acontecendo nessa propor\u00e7\u00e3o t\u00e3o grande. Eu participo desde a funda\u00e7\u00e3o em 2016 e d\u00e1 um orgulho vendo o bloco voltando a ativa\u201d, disse ela.<\/p>\n\n\n\n<p>A Secretaria Municipal de Cultura convidou artistas visuais para personalizarem a pra\u00e7a com desenhos de personalidades brasileiras, heran\u00e7as africanas e diversos aspectos da negritude. Air\u00e1 Ocrespo trabalha a mais de vinte anos como grafiteiro e veio do rio de janeiro para registrar a marca dele nas paredes de Petr\u00f3polis. \u201cEu e outros artistas fizemos uma obra conjunta onde cada um desenhou levando em considera\u00e7\u00e3o o pr\u00f3prio estilo, mas que o resultado final ficasse harm\u00f4nico. Para mim \u00e9 um privil\u00e9gio ter sido reconhecido, porque n\u00e3o \u00e9 f\u00e1cil ser artista e n\u00e3o \u00e9 f\u00e1cil ser negro no Brasil. E como eu sou os dois, ainda enfrento muitas dificuldades\u201d, conta o grafiteiro.<\/p>\n\n\n\n<p>As barracas de venda de artesanato e comidas t\u00edpicas da cultura africana tamb\u00e9m fazem parte do cen\u00e1rio. Carla Marques trabalha como artes\u00e3 h\u00e1 mais de dez anos e aceitou o convite da prefeitura para vender os produtos na festa. \u201cEu trabalho com costura fazendo bolsas, estojos e outros artesanatos. Espero que eu venda tudo at\u00e9 o fim da festa\u201d, conta.<\/p>\n\n\n\n<p>A programa\u00e7\u00e3o segue at\u00e9 domingo, dia da consci\u00eancia negra, e ainda vai contar com oficinas, concursos, premia\u00e7\u00f5es, marcha do povo do santo, teatro e mostra de cinema.<\/p>\n\n\n\n<p>Imagens Wendel Fernandes<\/p>\n","protected":false},"excerpt":{"rendered":"<p>Larissa Martins A 10\u00aa edi\u00e7\u00e3o da Festa Afro Ubuntu, promovida pela prefeitura de Petr\u00f3polis e<\/p>\n","protected":false},"author":2,"featured_media":47928,"comment_status":"open","ping_status":"open","sticky":false,"template":"","format":"standard","meta":{"footnotes":""},"categories":[12,21,264,18,19],"tags":[],"class_list":["post-47927","post","type-post","status-publish","format-standard","has-post-thumbnail","hentry","category-cidade","category-cultura","category-destaque","category-economia","category-educacao"],"_links":{"self":[{"href":"https:\/\/tvc16.com\/portal\/wp-json\/wp\/v2\/posts\/47927","targetHints":{"allow":["GET"]}}],"collection":[{"href":"https:\/\/tvc16.com\/portal\/wp-json\/wp\/v2\/posts"}],"about":[{"href":"https:\/\/tvc16.com\/portal\/wp-json\/wp\/v2\/types\/post"}],"author":[{"embeddable":true,"href":"https:\/\/tvc16.com\/portal\/wp-json\/wp\/v2\/users\/2"}],"replies":[{"embeddable":true,"href":"https:\/\/tvc16.com\/portal\/wp-json\/wp\/v2\/comments?post=47927"}],"version-history":[{"count":3,"href":"https:\/\/tvc16.com\/portal\/wp-json\/wp\/v2\/posts\/47927\/revisions"}],"predecessor-version":[{"id":47936,"href":"https:\/\/tvc16.com\/portal\/wp-json\/wp\/v2\/posts\/47927\/revisions\/47936"}],"wp:featuredmedia":[{"embeddable":true,"href":"https:\/\/tvc16.com\/portal\/wp-json\/wp\/v2\/media\/47928"}],"wp:attachment":[{"href":"https:\/\/tvc16.com\/portal\/wp-json\/wp\/v2\/media?parent=47927"}],"wp:term":[{"taxonomy":"category","embeddable":true,"href":"https:\/\/tvc16.com\/portal\/wp-json\/wp\/v2\/categories?post=47927"},{"taxonomy":"post_tag","embeddable":true,"href":"https:\/\/tvc16.com\/portal\/wp-json\/wp\/v2\/tags?post=47927"}],"curies":[{"name":"wp","href":"https:\/\/api.w.org\/{rel}","templated":true}]}}