{"id":4793,"date":"2020-11-03T19:46:07","date_gmt":"2020-11-03T19:46:07","guid":{"rendered":"https:\/\/tvc16.com\/portal\/?p=4793"},"modified":"2020-11-03T19:46:07","modified_gmt":"2020-11-03T19:46:07","slug":"olhares-pela-agricultura-urbana","status":"publish","type":"post","link":"https:\/\/tvc16.com\/portal\/2020\/11\/03\/olhares-pela-agricultura-urbana\/","title":{"rendered":"Olhares pela Agricultura Urbana"},"content":{"rendered":"\n<p><em>Encontros online promovidos pela Fiocruz-Petr\u00f3polis incentivam trocas de saberes pela agroecologia&nbsp;<\/em><\/p>\n\n\n\n<p>No fim da tarde da pr\u00f3xima quarta-feira, 4 de novembro, o F\u00f3rum Itabora\u00ed: Pol\u00edtica, Ci\u00eancia e Cultura na Sa\u00fade, unidade da Fiocruz em Petr\u00f3polis, realizar\u00e1 a roda de conversa&nbsp;<em>Olhares pela agricultura urbana<\/em>. Este encontro trar\u00e1 como tema os \u201cAvan\u00e7os e Entraves para a promo\u00e7\u00e3o da Sa\u00fade e da seguran\u00e7a alimentar\u201d e reunir\u00e1 tanto convidados que j\u00e1 militam pelos princ\u00edpios e pr\u00e1ticas da agroecologia no Brasil quanto representantes de comunidades petropolitanas que, com apoio do F\u00f3rum Itabora\u00ed e em articula\u00e7\u00e3o em seus territ\u00f3rios, est\u00e3o transformando olhares e pr\u00e1ticas comunit\u00e1rios a partir da abordagem da agroecologia. &nbsp;<\/p>\n\n\n\n<p>A iniciativa integra os esfor\u00e7os da Rede Fiocruz de Agroecologia Urbana, formada pelo Campus Fiocruz Mata Atl\u00e2ntica, a Escola Polit\u00e9cnica Joaquim Ven\u00e2ncio e tamb\u00e9m o F\u00f3rum Itabora\u00ed. Segundo o agr\u00f4nomo Claudemar Mattos, da equipe da Fiocruz-Petr\u00f3polis e membro da Articula\u00e7\u00e3o de Agroecologia do Rio de Janeiro (AARJ), \u201co tema da agroecologia \u00e9 de interesse da sociedade porque envolve princ\u00edpios de uma sociedade mais justa e mais equitativa, al\u00e9m dos princ\u00edpios t\u00e9cnicos, pelo cultivo de alimentos sem agrot\u00f3xicos e sem adubos qu\u00edmicos e, portanto, mais saud\u00e1veis e sustent\u00e1veis\u201d. Ainda, segundo o agr\u00f4nomo, \u201cesta pr\u00e1tica comunit\u00e1ria, feita na cidade, pode resgatar e aproximar a rela\u00e7\u00e3o campo-cidade e contribuir com a seguran\u00e7a alimentar e com a sa\u00fade n\u00e3o apenas do indiv\u00edduo que cultiva, mas da fam\u00edlia, da comunidade, do munic\u00edpio\u201d. &nbsp;<\/p>\n\n\n\n<p>De acordo com Claudemar, o desenho e din\u00e2mica concebidos para estas rodas de conversa visam promover trocas de saberes e experi\u00eanciaspara ampliar e fortalecer a promo\u00e7\u00e3o da sa\u00fade, a seguran\u00e7a alimentar e a organiza\u00e7\u00e3o comunit\u00e1ria, por meio do incentivo e apoio \u00e0s pr\u00e1ticas de agricultura urbana e gest\u00e3o dos res\u00edduos s\u00f3lidos. \u201cQueremos conhecer sobre a experi\u00eancia de outros territ\u00f3rios e pessoas que militam pela agricultura urbana com base na agroecologia, entender que obst\u00e1culos e conquistas os acompanham. E, por outro lado, ouvir das comunidades de Petr\u00f3polis como isso vem acontecendo em seus territ\u00f3rios. Acreditamos que estes elementos que chegar\u00e3o \u00e0 roda, al\u00e9m de promoverem a reflex\u00e3o e a discuss\u00e3o coletiva, tamb\u00e9m podem dar refer\u00eancias e fortalecer as comunidades petropolitanas e, sobretudo, a pr\u00e1tica em rede\u201d, conclui o agr\u00f4nomo.<\/p>\n\n\n\n<p>Em Petr\u00f3polis, desde fevereiro de 2020, o F\u00f3rum Itabora\u00ed vem trabalhando em articula\u00e7\u00e3o com 11 comunidades (em cinco delas, com apoio do CNPq) tanto para trocas de conhecimento t\u00e9cnico em agricultura urbana \u2013 incluindo o cultivo propriamente e a gest\u00e3o de res\u00edduos org\u00e2nicos \u2013 quanto para o fortalecimento de la\u00e7os comunit\u00e1rios, para o incremento da seguran\u00e7a nutricional e para a redu\u00e7\u00e3o da vulnerabilidade socioambiental dos moradores dos territ\u00f3rios envolvidos. \u201cNa vila Frei Davi, na comunidade do Amazonas, por exemplo, esta experi\u00eancia j\u00e1 aponta para cerca de uma tonelada de res\u00edduos dom\u00e9sticos que deixou de ir para o aterro sanit\u00e1rio, porque foram compostados pelos moradores\u201d, conta Claudemar.&nbsp;<\/p>\n\n\n\n<p>Na roda de conversa estar\u00e3o: Bernadete Montesano, da Rede Carioca de Agricultura Urbana; Aline Kinast, do Coletivo Roots Ativa e Articula\u00e7\u00e3o Emba\u00faba, de Belo Horizonte-MG; Robson Patroc\u00ednio, do Campus Fiocruz Mata Atl\u00e2ntica; Dalva Oliveira, da comunidade Amazonas; e Vagner Teixeira, da comunidade da Gl\u00f3ria, ambos de Petr\u00f3polis, sob a media\u00e7\u00e3o de Claudemar Mattos. O encontro ser\u00e1 transmitido pelo canal do F\u00f3rum Itabora\u00ed no Youtube, \u00e0s 18h (<a rel=\"noreferrer noopener\" target=\"_blank\" href=\"https:\/\/youtu.be\/i_DI2NarLpg\">https:\/\/youtu.be\/i_DI2NarLpg<\/a>).&nbsp;<\/p>\n\n\n\n<p><strong>F\u00f3rum Itabora\u00ed \u2013 Fiocruz<\/strong>&nbsp;<\/p>\n\n\n\n<p>Inaugurado em 18 de outubro de 2011, como um programa especial da Presid\u00eancia da Fiocruz, o Pal\u00e1cio Itabora\u00ed abriga o F\u00f3rum Itabora\u00ed: Pol\u00edtica, Ci\u00eancia e Cultura na Sa\u00fade. O F\u00f3rum \u00e9 um espa\u00e7o permanente de reflex\u00e3o e gera\u00e7\u00e3o de ideias, que tem como principal objetivo reunir intelectuais, cientistas, artistas, gestores e usu\u00e1rios de educa\u00e7\u00e3o e sa\u00fade do Brasil e do estrangeiro, para gerar formula\u00e7\u00f5es de pol\u00edticas e pr\u00e1ticas tendentes a reduzir as desigualdades sociais na sa\u00fade. O F\u00f3rum tamb\u00e9m desenvolve a\u00e7\u00f5es comunit\u00e1rias que permitam p\u00f4r em pr\u00e1tica atividades inter e transetoriais. Entre essas pr\u00e1ticas se destacam: o Programa de Biodiversidade e Sa\u00fade, cujos principais projetos envolvem plantas medicinais, al\u00e9m da Trilha do Arboreto, uma trilha urbana de 808 metros, com um acervo de mais de 400 esp\u00e9cies de plantas vivas e identificadas, sendo a maior parte delas medicinais, que visam disseminar e resgatar os conhecimentos tradicionais e populares do cuidado na sa\u00fade; a Orquestra de C\u00e2mara do Pal\u00e1cio Itabora\u00ed \u2013 OCPIT; o desenvolvimento e aplica\u00e7\u00e3o de tecnologias sociais (como o Diagn\u00f3stico R\u00e1pido Participativo \u2013 DRP, o Teatro do Oprimido e a cartografia participativa) para o estudo participativo dos determinantes de sa\u00fade de territ\u00f3rios em Petr\u00f3polis e atua\u00e7\u00e3o articulada com outros setores, como o poder p\u00fablico e universidades, para o desenvolvimento local; incluem-se, ainda, a Biblioteca Livre do Pal\u00e1cio Itabora\u00ed, com acervo focado nos Programas do F\u00f3rum e disponibiliza\u00e7\u00e3o de acesso a bibliotecas virtuais; atividades de apoio \u00e0 capacita\u00e7\u00e3o tecnol\u00f3gica para trabalhadores de sa\u00fade; a investiga\u00e7\u00e3o-a\u00e7\u00e3o participativa no campo da promo\u00e7\u00e3o da sa\u00fade; debates culturais, projetos, eventos e exposi\u00e7\u00f5es de artes e cultura, entre outras.&nbsp;<\/p>\n","protected":false},"excerpt":{"rendered":"<p>Encontros online promovidos pela Fiocruz-Petr\u00f3polis incentivam trocas de saberes pela agroecologia&nbsp; No fim da tarde<\/p>\n","protected":false},"author":2,"featured_media":4794,"comment_status":"open","ping_status":"open","sticky":false,"template":"","format":"standard","meta":{"footnotes":""},"categories":[12],"tags":[],"class_list":["post-4793","post","type-post","status-publish","format-standard","has-post-thumbnail","hentry","category-cidade"],"_links":{"self":[{"href":"https:\/\/tvc16.com\/portal\/wp-json\/wp\/v2\/posts\/4793","targetHints":{"allow":["GET"]}}],"collection":[{"href":"https:\/\/tvc16.com\/portal\/wp-json\/wp\/v2\/posts"}],"about":[{"href":"https:\/\/tvc16.com\/portal\/wp-json\/wp\/v2\/types\/post"}],"author":[{"embeddable":true,"href":"https:\/\/tvc16.com\/portal\/wp-json\/wp\/v2\/users\/2"}],"replies":[{"embeddable":true,"href":"https:\/\/tvc16.com\/portal\/wp-json\/wp\/v2\/comments?post=4793"}],"version-history":[{"count":1,"href":"https:\/\/tvc16.com\/portal\/wp-json\/wp\/v2\/posts\/4793\/revisions"}],"predecessor-version":[{"id":4795,"href":"https:\/\/tvc16.com\/portal\/wp-json\/wp\/v2\/posts\/4793\/revisions\/4795"}],"wp:featuredmedia":[{"embeddable":true,"href":"https:\/\/tvc16.com\/portal\/wp-json\/wp\/v2\/media\/4794"}],"wp:attachment":[{"href":"https:\/\/tvc16.com\/portal\/wp-json\/wp\/v2\/media?parent=4793"}],"wp:term":[{"taxonomy":"category","embeddable":true,"href":"https:\/\/tvc16.com\/portal\/wp-json\/wp\/v2\/categories?post=4793"},{"taxonomy":"post_tag","embeddable":true,"href":"https:\/\/tvc16.com\/portal\/wp-json\/wp\/v2\/tags?post=4793"}],"curies":[{"name":"wp","href":"https:\/\/api.w.org\/{rel}","templated":true}]}}