{"id":47937,"date":"2022-11-19T09:32:00","date_gmt":"2022-11-19T12:32:00","guid":{"rendered":"https:\/\/tvc16.com\/portal\/?p=47937"},"modified":"2022-11-18T22:36:20","modified_gmt":"2022-11-19T01:36:20","slug":"petropolis-dara-inicio-a-imunizacao-de-bebes-contra-a-covid-19","status":"publish","type":"post","link":"https:\/\/tvc16.com\/portal\/2022\/11\/19\/petropolis-dara-inicio-a-imunizacao-de-bebes-contra-a-covid-19\/","title":{"rendered":"Petr\u00f3polis dar\u00e1 in\u00edcio a imuniza\u00e7\u00e3o de beb\u00eas contra a covid-19"},"content":{"rendered":"\n<p><em>Richard Stoltzenburg<\/em><\/p>\n\n\n\n<p>Bebes entre os seis meses de idade e os dois anos e onze meses v\u00e3o poder a ser imunizados partir da pr\u00f3xima segunda-feira (21) contra a covid-19 em Petr\u00f3polis. O an\u00fancio foi feito pela Secretaria de Sa\u00fade ap\u00f3s a chegada do imunizante da Pfizer ao munic\u00edpio.<\/p>\n\n\n\n<p>Al\u00e9m das vacinas Pfizer Baby, a cidade vai receber ainda 4.000 doses da Pfizer adulto e outras 700 doses pedi\u00e1tricas, destinadas a crian\u00e7as de tr\u00eas a 11 anos. As doses da vacina CoronaVac est\u00e3o em falta e n\u00e3o existe uma previs\u00e3o para entrega.<\/p>\n\n\n\n<p>A Secretaria de Estado de Sa\u00fade fez um alerta sobre a import\u00e2ncia de a popula\u00e7\u00e3o completar o esquema vacinal com as quatro doses, para garantir a imuniza\u00e7\u00e3o, tendo em vista que novos casos da doen\u00e7a est\u00e3o sendo registrados. Para alguns petropolitanos o retorno do v\u00edrus \u00e9 preocupante. Gilmar Silva \u00e9 empreendedor e quando notou o aumento de casos, adotou nova medidas de prote\u00e7\u00e3o. \u201cVoltei a usar a m\u00e1scara at\u00e9 mesmo em locais abertos. \u00c9 uma doen\u00e7a muito grave e todo cuidado \u00e9 pouco\u201d, afirma.<\/p>\n\n\n\n<p>Dados do Minist\u00e9rio da Sa\u00fade apontam que 69 milh\u00f5es de brasileiros n\u00e3o retornaram aos postos de sa\u00fade para tomar a segunda dose da covid-19. Em Petr\u00f3polis o cen\u00e1rio se repete em rela\u00e7\u00e3o as doses de refor\u00e7o. De acordo com o painel epidemiol\u00f3gico 90,3% da popula\u00e7\u00e3o petropolitana tomou a primeira dose do imunizante. Todavia a cobertura cai gradativamente, j\u00e1 que a segunda dose contra a covid-19 atingiu 84,8% do p\u00fablico alvo, a primeira dose de refor\u00e7o atingiu apenas 54% dos petropolitanos e o segundo refor\u00e7o 25%.<\/p>\n","protected":false},"excerpt":{"rendered":"<p>Richard Stoltzenburg Bebes entre os seis meses de idade e os dois anos e onze<\/p>\n","protected":false},"author":2,"featured_media":47903,"comment_status":"open","ping_status":"open","sticky":false,"template":"","format":"standard","meta":{"footnotes":""},"categories":[12,264,19,13],"tags":[],"class_list":["post-47937","post","type-post","status-publish","format-standard","has-post-thumbnail","hentry","category-cidade","category-destaque","category-educacao","category-saude"],"_links":{"self":[{"href":"https:\/\/tvc16.com\/portal\/wp-json\/wp\/v2\/posts\/47937","targetHints":{"allow":["GET"]}}],"collection":[{"href":"https:\/\/tvc16.com\/portal\/wp-json\/wp\/v2\/posts"}],"about":[{"href":"https:\/\/tvc16.com\/portal\/wp-json\/wp\/v2\/types\/post"}],"author":[{"embeddable":true,"href":"https:\/\/tvc16.com\/portal\/wp-json\/wp\/v2\/users\/2"}],"replies":[{"embeddable":true,"href":"https:\/\/tvc16.com\/portal\/wp-json\/wp\/v2\/comments?post=47937"}],"version-history":[{"count":1,"href":"https:\/\/tvc16.com\/portal\/wp-json\/wp\/v2\/posts\/47937\/revisions"}],"predecessor-version":[{"id":47938,"href":"https:\/\/tvc16.com\/portal\/wp-json\/wp\/v2\/posts\/47937\/revisions\/47938"}],"wp:featuredmedia":[{"embeddable":true,"href":"https:\/\/tvc16.com\/portal\/wp-json\/wp\/v2\/media\/47903"}],"wp:attachment":[{"href":"https:\/\/tvc16.com\/portal\/wp-json\/wp\/v2\/media?parent=47937"}],"wp:term":[{"taxonomy":"category","embeddable":true,"href":"https:\/\/tvc16.com\/portal\/wp-json\/wp\/v2\/categories?post=47937"},{"taxonomy":"post_tag","embeddable":true,"href":"https:\/\/tvc16.com\/portal\/wp-json\/wp\/v2\/tags?post=47937"}],"curies":[{"name":"wp","href":"https:\/\/api.w.org\/{rel}","templated":true}]}}