{"id":47939,"date":"2022-11-19T07:45:00","date_gmt":"2022-11-19T10:45:00","guid":{"rendered":"https:\/\/tvc16.com\/portal\/?p=47939"},"modified":"2022-11-18T23:01:33","modified_gmt":"2022-11-19T02:01:33","slug":"prefeitura-realiza-primeiro-dia-d-do-novembro-azul-neste-sabado","status":"publish","type":"post","link":"https:\/\/tvc16.com\/portal\/2022\/11\/19\/prefeitura-realiza-primeiro-dia-d-do-novembro-azul-neste-sabado\/","title":{"rendered":"Prefeitura realiza primeiro Dia D do Novembro Azul neste s\u00e1bado"},"content":{"rendered":"\n<p>O primeiro do Dia D da campanha Novembro Azul, de conscientiza\u00e7\u00e3o ao c\u00e2ncer de pr\u00f3stata, acontece neste s\u00e1bado (19), em oito postos de sa\u00fade do munic\u00edpio. Na a\u00e7\u00e3o, realizada pela Prefeitura, atrav\u00e9s do Programa de Sa\u00fade do Homem da Secretaria de Sa\u00fade, palestras abordando diferentes temas relacionados ao p\u00fablico masculino, assim como realiza\u00e7\u00e3o de testes r\u00e1pidos, como de ISTs estar\u00e3o sendo ofertados.<\/p>\n\n\n\n<figure class=\"wp-block-image size-large\"><img loading=\"lazy\" decoding=\"async\" width=\"768\" height=\"1024\" src=\"https:\/\/tvc16.com\/portal\/wp-content\/uploads\/2022\/11\/WhatsApp-Image-2022-11-18-at-18.33.32-768x1024.jpeg\" alt=\"\" class=\"wp-image-47941\" srcset=\"https:\/\/tvc16.com\/portal\/wp-content\/uploads\/2022\/11\/WhatsApp-Image-2022-11-18-at-18.33.32-768x1024.jpeg 768w, https:\/\/tvc16.com\/portal\/wp-content\/uploads\/2022\/11\/WhatsApp-Image-2022-11-18-at-18.33.32-225x300.jpeg 225w, https:\/\/tvc16.com\/portal\/wp-content\/uploads\/2022\/11\/WhatsApp-Image-2022-11-18-at-18.33.32.jpeg 960w\" sizes=\"auto, (max-width: 768px) 100vw, 768px\" \/><\/figure>\n\n\n\n<p>Nesta primeira mobiliza\u00e7\u00e3o estar\u00e3o inclu\u00eddos os PSFs do Vale do Carangola, Secret\u00e1rio, Nova Cascatinha, S\u00e3o Jo\u00e3o Batista, Brejal, Alto da Serra, Vale das Videiras e Posse. O hor\u00e1rio de funcionamento ser\u00e1 de 8h \u00e0s 16h e envolve ainda as equipes da Doen\u00e7as e Agravos N\u00e3o Transmiss\u00edveis (Dant) e N\u00facleo de Apoio a Sa\u00fade da Fam\u00edlia \u2013 Nasf. Durante todo o s\u00e1bado, ser\u00e3o oferecidos ainda testes r\u00e1pidos de Hepatites B e C, HIV e S\u00edfilis, atendimento odontol\u00f3gico, atualiza\u00e7\u00e3o do cart\u00e3o de vacina do homem e passadas orienta\u00e7\u00f5es sobre planejamento familiar.<\/p>\n\n\n\n<p>Desde o in\u00edcio da campanha, em 4 de novembro, j\u00e1 foram realizados 140 atendimentos do p\u00fablico masculino, principalmente em mobiliza\u00e7\u00f5es realizadas ao longo da \u00faltima semana, em empresas privadas, onde os homens eram a maioria. Por\u00e9m, o secret\u00e1rio de sa\u00fade Marcus Curvelo, destaca que durante todo o ano as equipes da Secretaria de Sa\u00fade realizam uma s\u00e9rie de a\u00e7\u00f5es que contribuem de forma direta ou indireta para a sa\u00fade do homem.<\/p>\n\n\n\n<p>\u201cNesse momento, elas est\u00e3o sendo intensificadas, com uma mobiliza\u00e7\u00e3o maior nas Unidades de Estrat\u00e9gia de Sa\u00fade da Fam\u00edlia, onde os profissionais est\u00e3o preparados e mostram a import\u00e2ncia dos cuidados preventivos, que, inclusive, v\u00e3o al\u00e9m do c\u00e2ncer de pr\u00f3stata\u201d, frisa o secret\u00e1rio de Sa\u00fade, Marcus Curvelo.<\/p>\n\n\n\n<p>O pr\u00f3ximo Dia D da campanha acontece em 26 de novembro e ir\u00e1 envolver 32 unidades, entre PSFs, UBSs e os Centro de Sa\u00fade Coletiva, na Rua Santos Dumont e o Centro de Sa\u00fade do Itamarati. J\u00e1 no dia 27, ser\u00e1 realizada a caminhada do Novembro Azul.<\/p>\n","protected":false},"excerpt":{"rendered":"<p>O primeiro do Dia D da campanha Novembro Azul, de conscientiza\u00e7\u00e3o ao c\u00e2ncer de pr\u00f3stata,<\/p>\n","protected":false},"author":2,"featured_media":47940,"comment_status":"open","ping_status":"open","sticky":false,"template":"","format":"standard","meta":{"footnotes":""},"categories":[12,13],"tags":[],"class_list":["post-47939","post","type-post","status-publish","format-standard","has-post-thumbnail","hentry","category-cidade","category-saude"],"_links":{"self":[{"href":"https:\/\/tvc16.com\/portal\/wp-json\/wp\/v2\/posts\/47939","targetHints":{"allow":["GET"]}}],"collection":[{"href":"https:\/\/tvc16.com\/portal\/wp-json\/wp\/v2\/posts"}],"about":[{"href":"https:\/\/tvc16.com\/portal\/wp-json\/wp\/v2\/types\/post"}],"author":[{"embeddable":true,"href":"https:\/\/tvc16.com\/portal\/wp-json\/wp\/v2\/users\/2"}],"replies":[{"embeddable":true,"href":"https:\/\/tvc16.com\/portal\/wp-json\/wp\/v2\/comments?post=47939"}],"version-history":[{"count":1,"href":"https:\/\/tvc16.com\/portal\/wp-json\/wp\/v2\/posts\/47939\/revisions"}],"predecessor-version":[{"id":47942,"href":"https:\/\/tvc16.com\/portal\/wp-json\/wp\/v2\/posts\/47939\/revisions\/47942"}],"wp:featuredmedia":[{"embeddable":true,"href":"https:\/\/tvc16.com\/portal\/wp-json\/wp\/v2\/media\/47940"}],"wp:attachment":[{"href":"https:\/\/tvc16.com\/portal\/wp-json\/wp\/v2\/media?parent=47939"}],"wp:term":[{"taxonomy":"category","embeddable":true,"href":"https:\/\/tvc16.com\/portal\/wp-json\/wp\/v2\/categories?post=47939"},{"taxonomy":"post_tag","embeddable":true,"href":"https:\/\/tvc16.com\/portal\/wp-json\/wp\/v2\/tags?post=47939"}],"curies":[{"name":"wp","href":"https:\/\/api.w.org\/{rel}","templated":true}]}}