{"id":47943,"date":"2022-11-19T13:06:00","date_gmt":"2022-11-19T16:06:00","guid":{"rendered":"https:\/\/tvc16.com\/portal\/?p=47943"},"modified":"2022-11-18T23:14:52","modified_gmt":"2022-11-19T02:14:52","slug":"prf-realiza-apresentacao-sobre-atividade-policial-com-caes-em-escola-no-alto-da-boa-vista","status":"publish","type":"post","link":"https:\/\/tvc16.com\/portal\/2022\/11\/19\/prf-realiza-apresentacao-sobre-atividade-policial-com-caes-em-escola-no-alto-da-boa-vista\/","title":{"rendered":"PRF realiza apresenta\u00e7\u00e3o sobre atividade policial com c\u00e3es em escola no Alto da Boa Vista"},"content":{"rendered":"\n<p>Uma equipe da Pol\u00edcia Rodovi\u00e1ria Federal do N\u00facleo K9, grupo especializado na atividade policial com c\u00e3es da PRF, compareceu, nesta sexta-feira (18), ao Col\u00e9gio Santa Marcelina, localizado no bairro Alto da Boa Vista, para apresentar uma palestra sobre o uso de c\u00e3es policiais.<\/p>\n\n\n\n<p>Diversas crian\u00e7as e educadores participaram da apresenta\u00e7\u00e3o. Os policiais demonstraram aos pequenos como funciona o faro de um c\u00e3o policial, como eles s\u00e3o escolhidos, treinados, por quanto tempo trabalham, quais os cuidados com os c\u00e3es e como podem ser utilizados em prol da sociedade, no combate \u00e0 criminalidade.<\/p>\n\n\n\n<p>Ao final da atividade, crian\u00e7as e professores ainda puderam interagir com os K9 Cacau e K9 Don, agentes caninos da PRF campe\u00f5es em localiza\u00e7\u00e3o de subst\u00e2ncias il\u00edcitas.\u00a0<\/p>\n","protected":false},"excerpt":{"rendered":"<p>Uma equipe da Pol\u00edcia Rodovi\u00e1ria Federal do N\u00facleo K9, grupo especializado na atividade policial com<\/p>\n","protected":false},"author":2,"featured_media":47944,"comment_status":"open","ping_status":"open","sticky":false,"template":"","format":"standard","meta":{"footnotes":""},"categories":[264,19,17,13],"tags":[],"class_list":["post-47943","post","type-post","status-publish","format-standard","has-post-thumbnail","hentry","category-destaque","category-educacao","category-outras-noticias","category-saude"],"_links":{"self":[{"href":"https:\/\/tvc16.com\/portal\/wp-json\/wp\/v2\/posts\/47943","targetHints":{"allow":["GET"]}}],"collection":[{"href":"https:\/\/tvc16.com\/portal\/wp-json\/wp\/v2\/posts"}],"about":[{"href":"https:\/\/tvc16.com\/portal\/wp-json\/wp\/v2\/types\/post"}],"author":[{"embeddable":true,"href":"https:\/\/tvc16.com\/portal\/wp-json\/wp\/v2\/users\/2"}],"replies":[{"embeddable":true,"href":"https:\/\/tvc16.com\/portal\/wp-json\/wp\/v2\/comments?post=47943"}],"version-history":[{"count":1,"href":"https:\/\/tvc16.com\/portal\/wp-json\/wp\/v2\/posts\/47943\/revisions"}],"predecessor-version":[{"id":47945,"href":"https:\/\/tvc16.com\/portal\/wp-json\/wp\/v2\/posts\/47943\/revisions\/47945"}],"wp:featuredmedia":[{"embeddable":true,"href":"https:\/\/tvc16.com\/portal\/wp-json\/wp\/v2\/media\/47944"}],"wp:attachment":[{"href":"https:\/\/tvc16.com\/portal\/wp-json\/wp\/v2\/media?parent=47943"}],"wp:term":[{"taxonomy":"category","embeddable":true,"href":"https:\/\/tvc16.com\/portal\/wp-json\/wp\/v2\/categories?post=47943"},{"taxonomy":"post_tag","embeddable":true,"href":"https:\/\/tvc16.com\/portal\/wp-json\/wp\/v2\/tags?post=47943"}],"curies":[{"name":"wp","href":"https:\/\/api.w.org\/{rel}","templated":true}]}}